{"id":18543,"date":"2014-02-28T16:29:17","date_gmt":"2014-02-28T21:29:17","guid":{"rendered":"http:\/\/www.ambiente.gob.ec\/?p=18543"},"modified":"2014-02-28T16:31:55","modified_gmt":"2014-02-28T21:31:55","slug":"mae-invita-a-los-ciudadanos-a-registrarse-en-el-sistema-de-informacion-de-biodiversidad","status":"publish","type":"post","link":"https:\/\/www.ambienteyenergia.gob.ec\/ambiente\/mae-invita-a-los-ciudadanos-a-registrarse-en-el-sistema-de-informacion-de-biodiversidad\/","title":{"rendered":"MAE invita a los ciudadanos a registrarse en el Sistema de Informaci\u00f3n de Biodiversidad"},"content":{"rendered":"<p style=\"text-align: justify;\"><span style=\"font-family: Calibri, sans-serif;\"><span>El Ministerio del Ambiente del Ecuador (MAE) con la finalidad de mantener informados a los turistas nacionales y extranjeros sobre las \u00c1reas Protegidas del pa\u00eds, presenta un Registro donde los usuarios tendr\u00e1n acceso al Sistema de Informaci\u00f3n de Biodiversidad (SIB).<\/span><\/span><\/p>\n<p style=\"text-align: justify;\"><span style=\"font-family: Calibri, sans-serif;\"><span>El SIB cuenta con avisos de log\u00edstica, clima y distancia de las \u00c1reas Protegidas (AP), tambi\u00e9n se puede obtener comunicados sobre promociones, servicios, noticias y un registro mas eficiente en la entrada de las \u00c1reas Protegidas.<\/span><\/span><\/p>\n<p style=\"text-align: justify;\"><span style=\"font-family: Calibri, sans-serif;\"><span>Para brindarle un mejor servicio, el MAE ha creado un LINK de Registro electr\u00f3nico para facilitar y agilizar su ingreso.<\/span><\/span><\/p>\n<p style=\"text-align: justify;\"><span style=\"font-family: Calibri, sans-serif;\">Paso 1:<\/span><\/p>\n<p style=\"text-align: justify;\"><a name=\"OBJ_PREFIX_DWT487_com_zimbra_url\"><\/a><span style=\"font-family: Calibri, sans-serif;\"><span>Ingresa\u00a0<\/span><\/span><span style=\"font-family: Calibri, sans-serif;\"><span>a\u00a0<a href=\"http:\/\/www.ambienteyenergia.gob.ec\/ambienteo\/\" target=\"_blank\">http:\/\/www.ambienteyenergia.gob.ec\/ambienteo<\/a>\u00a0o directamente a este link\u00a0<\/span><\/span><a href=\"http:\/\/sib.ambiente.gob.ec\/index.php\/area_protegida\/area_registro\" target=\"_blank\">http:\/\/sib.ambiente.gob.ec\/index.php\/area_protegida\/area_registro<\/a><\/p>\n<p style=\"text-align: justify;\"><span style=\"font-family: Calibri, sans-serif;\">Paso 2:<\/span><\/p>\n<p style=\"text-align: justify;\"><span style=\"font-family: Calibri, sans-serif;\"><span>Una vez lleno el formulario con sus datos estar\u00e1 registrado en la base del Sistema de Informaci\u00f3n de Biodiversidad (SIB).<\/span><\/span><\/p>\n<p style=\"text-align: justify;\"><span style=\"font-family: Calibri, sans-serif;\">Beneficios del Registro:<\/span><\/p>\n<ul style=\"text-align: justify;\">\n<li><span style=\"font-family: Calibri, sans-serif;\"><span>Se hace una sola vez. Le permite visitar otras \u00e1reas sin necesidad de ingresar la informaci\u00f3n nuevamente.<\/span><\/span><\/li>\n<li><span style=\"font-family: Calibri, sans-serif;\"><span>Lo puede hacer desde su casa o su tel\u00e9fono m\u00f3vil d\u00edas antes de visitarnos.<\/span><\/span><\/li>\n<li><span style=\"font-family: Calibri, sans-serif;\"><span>Cuando visite otra \u00e1rea solo tendr\u00e1 que proporcionar su n\u00famero de cedula o de pasaporte a los guardaparques en el control e ingresar\u00e1.<\/span><\/span><\/li>\n<li><span style=\"font-family: Calibri, sans-serif;\"><span>Adicionalmente, si usted lo requiere le enviaremos informaci\u00f3n sobre el estado de las \u00e1reas, datos importantes, recomendaciones para una visita segura y medidas que nos ayudar\u00e1 a conservar el entorno natural que usted visita.<\/span><\/span><\/li>\n<\/ul>\n<p style=\"text-align: justify;\"><span style=\"font-family: Calibri, sans-serif;\"><span>El MAE como principal autoridad ambiental, invita a la ciudadan\u00eda a registrarse en el SIB y a disfrutar de forma responsable de las \u00c1reas Protegidas del pa\u00eds.<\/span><\/span><\/p>\n<p style=\"text-align: justify;\"><em><strong>Para registrarte has click <a href=\"http:\/\/sib.ambiente.gob.ec\/index.php\/area_protegida\/area_registro\">aqu\u00ed<\/a><\/strong><\/em><\/p>\n","protected":false},"excerpt":{"rendered":"<p class=\"excerpt\">El Ministerio del Ambiente del Ecuador (MAE) con la finalidad de mantener informados a los turistas nacionales y extranjeros sobre las \u00c1reas Protegidas del pa\u00eds, presenta un Registro donde los usuarios tendr\u00e1n acceso al Sistema de Informaci\u00f3n de Biodiversidad (SIB). El SIB cuenta con avisos de log\u00edstica, clima y distancia de las \u00c1reas Protegidas (AP), tambi\u00e9n se puede obtener comunicados&hellip; <a href=\"https:\/\/www.ambienteyenergia.gob.ec\/ambiente\/mae-invita-a-los-ciudadanos-a-registrarse-en-el-sistema-de-informacion-de-biodiversidad\/\">Read more &rarr;<\/a><\/p>\n","protected":false},"author":13,"featured_media":18546,"comment_status":"open","ping_status":"open","sticky":false,"template":"","format":"standard","meta":{"footnotes":""},"categories":[16,4],"tags":[],"class_list":["post-18543","post","type-post","status-publish","format-standard","has-post-thumbnail","hentry","category-comunicamos","category-noticias","xfolkentry"],"_links":{"self":[{"href":"https:\/\/www.ambienteyenergia.gob.ec\/ambiente\/wp-json\/wp\/v2\/posts\/18543","targetHints":{"allow":["GET"]}}],"collection":[{"href":"https:\/\/www.ambienteyenergia.gob.ec\/ambiente\/wp-json\/wp\/v2\/posts"}],"about":[{"href":"https:\/\/www.ambienteyenergia.gob.ec\/ambiente\/wp-json\/wp\/v2\/types\/post"}],"author":[{"embeddable":true,"href":"https:\/\/www.ambienteyenergia.gob.ec\/ambiente\/wp-json\/wp\/v2\/users\/13"}],"replies":[{"embeddable":true,"href":"https:\/\/www.ambienteyenergia.gob.ec\/ambiente\/wp-json\/wp\/v2\/comments?post=18543"}],"version-history":[{"count":0,"href":"https:\/\/www.ambienteyenergia.gob.ec\/ambiente\/wp-json\/wp\/v2\/posts\/18543\/revisions"}],"wp:featuredmedia":[{"embeddable":true,"href":"https:\/\/www.ambienteyenergia.gob.ec\/ambiente\/wp-json\/wp\/v2\/media\/18546"}],"wp:attachment":[{"href":"https:\/\/www.ambienteyenergia.gob.ec\/ambiente\/wp-json\/wp\/v2\/media?parent=18543"}],"wp:term":[{"taxonomy":"category","embeddable":true,"href":"https:\/\/www.ambienteyenergia.gob.ec\/ambiente\/wp-json\/wp\/v2\/categories?post=18543"},{"taxonomy":"post_tag","embeddable":true,"href":"https:\/\/www.ambienteyenergia.gob.ec\/ambiente\/wp-json\/wp\/v2\/tags?post=18543"}],"curies":[{"name":"wp","href":"https:\/\/api.w.org\/{rel}","templated":true}]}}