{"id":18540,"date":"2014-02-28T13:24:57","date_gmt":"2014-02-28T18:24:57","guid":{"rendered":"http:\/\/www.ambiente.gob.ec\/?p=18540"},"modified":"2014-02-28T18:28:46","modified_gmt":"2014-02-28T23:28:46","slug":"mae-registra-la-existencia-de-una-especie-catalogada-durante-anos-como-extinta","status":"publish","type":"post","link":"https:\/\/www.ambienteyenergia.gob.ec\/ambiente\/mae-registra-la-existencia-de-una-especie-catalogada-durante-anos-como-extinta\/","title":{"rendered":"MAE registra la existencia de una especie catalogada durante a\u00f1os como extinta"},"content":{"rendered":"<p style=\"text-align: justify;\">El Ministerio del Ambiente del Ecuador (MAE) informa que una especie de sapo andino que se cre\u00eda extinto fue encontrado en uno de los bosques que conserva esta Cartera de Estado, a trav\u00e9s de la estrategia de incentivos del Programa Socio Bosque.<\/p>\n<p style=\"text-align: justify;\">El grupo de expertos en anfibios Ryan Lynch y Santiago Ron encontraron la especie en la Reserva Manduriacu, en la zona de Tandayapa ubicada en el noroccidente de Pichincha. Este predio pertenece a Sebastian Khon, beneficiario del incentivo Socio Bosque.<\/p>\n<p style=\"text-align: justify;\">Seg\u00fan la revista National Geographic, la especie no se hab\u00eda visto hace 42 a\u00f1os y lo que se conoc\u00eda era su supervivencia en los bosques nublados del norte del pa\u00eds. Este hallazgo se realiz\u00f3 en los espacios boscosos que son conservados por el MAE.<\/p>\n<p style=\"text-align: justify;\">La ministra del Ambiente, Lorena Tapia, en ese sentido, inform\u00f3 que la inversi\u00f3n del Gobierno Nacional en la conservaci\u00f3n de bosques y p\u00e1ramos con el Programa Socio Bosque asciende a USD 33 millones a inicios del 2014. \u00abHemos conservado m\u00e1s de\u00a01 127 000 hect\u00e1reas en todo el pa\u00eds. Continuaremos la tarea de promover un manejo forestal responsable, que permita que la conservaci\u00f3n de nuestros bosques y nuestra extraordinaria biodiversidad sea rentable y, sobretodo, sostenible\u00bb explic\u00f3 la Ministra.<\/p>\n<p style=\"text-align: justify;\">De su parte, Sebastian Khon, beneficiario del Programa Nacional de Incentivos Socio Bosque, agradeci\u00f3 el apoyo recibido por parte del Gobierno Nacional, a trav\u00e9s de esta iniciativa ambiental para conservar su predio de bosque y haber facilitando el re-descubrimiento de la nueva especie. \u00abEste re-descubrimiento nos hace saber lo importante y \u00fanico que es este sitio. Con el apoyo del incentivo de Socio Bosque hemos podido construir una estaci\u00f3n base para la protecci\u00f3n del sitio y realizar investigaciones en esta zona\u00bb.<\/p>\n<p style=\"text-align: justify;\">Alrededor de 600 hect\u00e1reas de la Reserva Manduriacu se conservan con el Programa Socio Bosque. Khon -agrega- en la zona se dan avistamientos de tigrillos, venados, monos, gran variedad de aves, plantas y mam\u00edferos.<\/p>\n<p style=\"text-align: justify;\">En ese sentido, el MAE a trav\u00e9s de la Pol\u00edtica de Gobernanza de Patrimonio Natural, gestiona un portafolio de incentivos entre ellos: conservaci\u00f3n de bosques y ecosistemas fr\u00e1giles, restauraci\u00f3n de paisajes degradados, reforestaci\u00f3n con fines de conservaci\u00f3n, manejo del bosque y de la vida silvestre, producci\u00f3n y comercio sostenible de la biodiversidad natural, entre otros.<\/p>\n<p style=\"text-align: justify;\">Esta semana, el presidente Rafael Correa cre\u00f3 el Instituto Nacional de Biodiversidad adscrito al MAE a trav\u00e9s del Decreto Ejecutivo 245 para planificar, promover, coordinar y ejecutar procesos de investigaci\u00f3n relacionados al campo de la biodiversidad, orientados a la conservaci\u00f3n y aprovechamiento sostenible de este recurso y sector estrat\u00e9gico, de acuerdo a las pol\u00edticas ambientales existentes y la normativa legal aplicable.<\/p>\n<p style=\"text-align: justify;\">\n","protected":false},"excerpt":{"rendered":"<p class=\"excerpt\">El Ministerio del Ambiente del Ecuador (MAE) informa que una especie de sapo andino que se cre\u00eda extinto fue encontrado en uno de los bosques que conserva esta Cartera de Estado, a trav\u00e9s de la estrategia de incentivos del Programa Socio Bosque. El grupo de expertos en anfibios Ryan Lynch y Santiago Ron encontraron la especie en la Reserva Manduriacu,&hellip; <a href=\"https:\/\/www.ambienteyenergia.gob.ec\/ambiente\/mae-registra-la-existencia-de-una-especie-catalogada-durante-anos-como-extinta\/\">Read more &rarr;<\/a><\/p>\n","protected":false},"author":13,"featured_media":18541,"comment_status":"open","ping_status":"open","sticky":false,"template":"","format":"standard","meta":{"footnotes":""},"categories":[4],"tags":[403,387],"class_list":["post-18540","post","type-post","status-publish","format-standard","has-post-thumbnail","hentry","category-noticias","tag-biodiversidad","tag-mae-lorena-tapia","xfolkentry"],"_links":{"self":[{"href":"https:\/\/www.ambienteyenergia.gob.ec\/ambiente\/wp-json\/wp\/v2\/posts\/18540","targetHints":{"allow":["GET"]}}],"collection":[{"href":"https:\/\/www.ambienteyenergia.gob.ec\/ambiente\/wp-json\/wp\/v2\/posts"}],"about":[{"href":"https:\/\/www.ambienteyenergia.gob.ec\/ambiente\/wp-json\/wp\/v2\/types\/post"}],"author":[{"embeddable":true,"href":"https:\/\/www.ambienteyenergia.gob.ec\/ambiente\/wp-json\/wp\/v2\/users\/13"}],"replies":[{"embeddable":true,"href":"https:\/\/www.ambienteyenergia.gob.ec\/ambiente\/wp-json\/wp\/v2\/comments?post=18540"}],"version-history":[{"count":0,"href":"https:\/\/www.ambienteyenergia.gob.ec\/ambiente\/wp-json\/wp\/v2\/posts\/18540\/revisions"}],"wp:featuredmedia":[{"embeddable":true,"href":"https:\/\/www.ambienteyenergia.gob.ec\/ambiente\/wp-json\/wp\/v2\/media\/18541"}],"wp:attachment":[{"href":"https:\/\/www.ambienteyenergia.gob.ec\/ambiente\/wp-json\/wp\/v2\/media?parent=18540"}],"wp:term":[{"taxonomy":"category","embeddable":true,"href":"https:\/\/www.ambienteyenergia.gob.ec\/ambiente\/wp-json\/wp\/v2\/categories?post=18540"},{"taxonomy":"post_tag","embeddable":true,"href":"https:\/\/www.ambienteyenergia.gob.ec\/ambiente\/wp-json\/wp\/v2\/tags?post=18540"}],"curies":[{"name":"wp","href":"https:\/\/api.w.org\/{rel}","templated":true}]}}