{"id":18525,"date":"2014-02-27T11:11:44","date_gmt":"2014-02-27T16:11:44","guid":{"rendered":"http:\/\/www.ambiente.gob.ec\/?p=18525"},"modified":"2014-02-28T09:25:04","modified_gmt":"2014-02-28T14:25:04","slug":"20-guardaparques-visitaron-la-reserva-ecologica-antisana-como-parte-del-programa-de-capacitacion-aula-verde","status":"publish","type":"post","link":"https:\/\/www.ambienteyenergia.gob.ec\/ambiente\/20-guardaparques-visitaron-la-reserva-ecologica-antisana-como-parte-del-programa-de-capacitacion-aula-verde\/","title":{"rendered":"20 guardaparques visitaron la Reserva Ecol\u00f3gica Antisana como parte del programa de capacitaci\u00f3n Aula Verde"},"content":{"rendered":"<p style=\"text-align: justify;\">M\u00e1s de 20 guardaparques pertenecientes a \u00e1reas protegidas de la Amazon\u00eda y Costa; visitaron ayer la Reserva Ecol\u00f3gica Antisana, para intercambiar experiencias de conservaci\u00f3n y fortalecer capacidades t\u00e9cnicas en cuanto al manejo de \u00e1reas protegidas, esto como parte del programa de capacitaci\u00f3n y perfeccionamiento profesional Aula Verde, que impulsa el<b> <\/b>Ministerio del Ambiente del Ecuador (MAE), en convenio con Ecofondo, bajo ejecuci\u00f3n del Centro de Educaci\u00f3n y Promoci\u00f3n Popular y con el apoyo del Proyecto de Sostenibilidad Financiera para el SNAP y la cooperaci\u00f3n alemana.<\/p>\n<p style=\"text-align: justify;\">Las capacitaciones forman parte de una estrategia de formaci\u00f3n que busca un efectivo fortalecimiento de competencias laborales. En ese sentido, Christian Ter\u00e1n, subsecretario de Patrimonio del MAE, se\u00f1al\u00f3 \u00abnuestras \u00e1reas protegidas, son espacios con enorme valor ambiental y social; por esta raz\u00f3n, el Gobierno realiza esfuerzos hist\u00f3ricos para que sus guardaparques, como guardianes de estas zonas, protegan y mantengan estos ecosistemas\u00bb.<\/p>\n<p style=\"text-align: justify;\">Durante el recorrido, los guardaparques pudieron conocer m\u00e1s sobre el proyecto de restauraci\u00f3n ambiental que impulsa el MAE en coordinaci\u00f3n con el Fondo Para la Portecci\u00f3n del Agua (FONAG), en la zona de Jatun Huaico, que es parte de la Reserva Ecol\u00f3gica Antisana. Aqu\u00ed, esta Cartera de Estado ha reforestado cerca de 70 hect\u00e1reas, especialmente de pajonales, por ser importantes agentes para el cuidado del l\u00edquido vital.<\/p>\n<p style=\"text-align: justify;\">Esta actividad se efectu\u00f3 como aporte a la formaci\u00f3n te\u00f3rico \u2013 pr\u00e1ctica que reciben los funcionarios de las \u00e1reas protegidas, fortaleciendo sus competencias laborales.<\/p>\n<p style=\"text-align: justify;\">\u201cEste tipo de pr\u00e1cticas nos permiten reconocer la importancia de identificar e implementar acciones de restauraci\u00f3n ambiental para el cuidado de nuestra \u00e1rea protegida\u201d, se\u00f1al\u00f3\u00a0 Mercedes Huatatoca, Guardaparque del Parque Nacional Sumaco \u2013 Napo \u2013 Galeras.<\/p>\n<p style=\"text-align: justify;\">En el primer a\u00f1o de ejecuci\u00f3n, el Programa Aula Verde levant\u00f3 un diagn\u00f3stico de necesidades de capacitaci\u00f3n profesional al universo de funcionarios que trabajan en el Patrimonio de \u00c1reas Naturales del Es\u00adtado (PANE). Los contenidos identificados se integraron en un curso que permite educar de manera sistem\u00e1tica a los interesados.<\/p>\n<div id='gallery-1' class='gallery galleryid-18525 gallery-columns-3 gallery-size-thumbnail'><dl class='gallery-item'>\n\t\t\t<dt class='gallery-icon landscape'>\n\t\t\t\t<a href='https:\/\/www.ambienteyenergia.gob.ec\/ambiente\/20-guardaparques-visitaron-la-reserva-ecologica-antisana-como-parte-del-programa-de-capacitacion-aula-verde\/sam_0056\/'><img loading=\"lazy\" decoding=\"async\" width=\"150\" height=\"150\" src=\"https:\/\/www.ambienteyenergia.gob.ec\/ambiente\/wp-content\/uploads\/sites\/2\/2014\/02\/SAM_0056-150x150.jpg\" class=\"attachment-thumbnail size-thumbnail\" alt=\"\" \/><\/a>\n\t\t\t<\/dt><\/dl><dl class='gallery-item'>\n\t\t\t<dt class='gallery-icon landscape'>\n\t\t\t\t<a href='https:\/\/www.ambienteyenergia.gob.ec\/ambiente\/20-guardaparques-visitaron-la-reserva-ecologica-antisana-como-parte-del-programa-de-capacitacion-aula-verde\/sam_0063\/'><img loading=\"lazy\" decoding=\"async\" width=\"150\" height=\"150\" src=\"https:\/\/www.ambienteyenergia.gob.ec\/ambiente\/wp-content\/uploads\/sites\/2\/2014\/02\/SAM_0063-150x150.jpg\" class=\"attachment-thumbnail size-thumbnail\" alt=\"\" \/><\/a>\n\t\t\t<\/dt><\/dl>\n\t\t\t<br style='clear: both' \/>\n\t\t<\/div>\n\n","protected":false},"excerpt":{"rendered":"<p class=\"excerpt\">M\u00e1s de 20 guardaparques pertenecientes a \u00e1reas protegidas de la Amazon\u00eda y Costa; visitaron ayer la Reserva Ecol\u00f3gica Antisana, para intercambiar experiencias de conservaci\u00f3n y fortalecer capacidades t\u00e9cnicas en cuanto al manejo de \u00e1reas protegidas, esto como parte del programa de capacitaci\u00f3n y perfeccionamiento profesional Aula Verde, que impulsa el Ministerio del Ambiente del Ecuador (MAE), en convenio con Ecofondo,&hellip; <a href=\"https:\/\/www.ambienteyenergia.gob.ec\/ambiente\/20-guardaparques-visitaron-la-reserva-ecologica-antisana-como-parte-del-programa-de-capacitacion-aula-verde\/\">Read more &rarr;<\/a><\/p>\n","protected":false},"author":13,"featured_media":18526,"comment_status":"open","ping_status":"open","sticky":false,"template":"","format":"standard","meta":{"footnotes":""},"categories":[16,4],"tags":[],"class_list":["post-18525","post","type-post","status-publish","format-standard","has-post-thumbnail","hentry","category-comunicamos","category-noticias","xfolkentry"],"_links":{"self":[{"href":"https:\/\/www.ambienteyenergia.gob.ec\/ambiente\/wp-json\/wp\/v2\/posts\/18525","targetHints":{"allow":["GET"]}}],"collection":[{"href":"https:\/\/www.ambienteyenergia.gob.ec\/ambiente\/wp-json\/wp\/v2\/posts"}],"about":[{"href":"https:\/\/www.ambienteyenergia.gob.ec\/ambiente\/wp-json\/wp\/v2\/types\/post"}],"author":[{"embeddable":true,"href":"https:\/\/www.ambienteyenergia.gob.ec\/ambiente\/wp-json\/wp\/v2\/users\/13"}],"replies":[{"embeddable":true,"href":"https:\/\/www.ambienteyenergia.gob.ec\/ambiente\/wp-json\/wp\/v2\/comments?post=18525"}],"version-history":[{"count":0,"href":"https:\/\/www.ambienteyenergia.gob.ec\/ambiente\/wp-json\/wp\/v2\/posts\/18525\/revisions"}],"wp:featuredmedia":[{"embeddable":true,"href":"https:\/\/www.ambienteyenergia.gob.ec\/ambiente\/wp-json\/wp\/v2\/media\/18526"}],"wp:attachment":[{"href":"https:\/\/www.ambienteyenergia.gob.ec\/ambiente\/wp-json\/wp\/v2\/media?parent=18525"}],"wp:term":[{"taxonomy":"category","embeddable":true,"href":"https:\/\/www.ambienteyenergia.gob.ec\/ambiente\/wp-json\/wp\/v2\/categories?post=18525"},{"taxonomy":"post_tag","embeddable":true,"href":"https:\/\/www.ambienteyenergia.gob.ec\/ambiente\/wp-json\/wp\/v2\/tags?post=18525"}],"curies":[{"name":"wp","href":"https:\/\/api.w.org\/{rel}","templated":true}]}}