{"id":18520,"date":"2014-02-27T10:15:44","date_gmt":"2014-02-27T15:15:44","guid":{"rendered":"http:\/\/www.ambiente.gob.ec\/?p=18520"},"modified":"2014-02-27T10:15:44","modified_gmt":"2014-02-27T15:15:44","slug":"alrededor-de-40-recicladores-fueron-capacitados-sobre-la-nueva-categorizacion-ambiental-nacional","status":"publish","type":"post","link":"https:\/\/www.ambienteyenergia.gob.ec\/ambiente\/alrededor-de-40-recicladores-fueron-capacitados-sobre-la-nueva-categorizacion-ambiental-nacional\/","title":{"rendered":"Alrededor de 40 recicladores fueron capacitados sobre la nueva Categorizaci\u00f3n Ambiental Nacional"},"content":{"rendered":"<p style=\"text-align: justify;\" align=\"center\">El\u00a0 Ministerio del Ambiente del Ecuador (MAE), a trav\u00e9s de la Direcci\u00f3n Provincial de Imbabura, imparti\u00f3 un Taller de Regularizaci\u00f3n Ambiental, en donde se abord\u00f3 la Nueva Categorizaci\u00f3n Ambiental Nacional y su aplicaci\u00f3n para el registro de los recicladores. El evento realizado el pasado 25 de febrero, en la sala de capacitaci\u00f3n de<b> <\/b>RESIPOZ, cont\u00f3 con la participaci\u00f3n de 40 asistentes, entre ellos, recicladores de la ciudad de Ibarra<b>.<\/b><\/p>\n<p style=\"text-align: justify;\">En esta jornada de capacitaci\u00f3n se abordaron aspectos t\u00e9cnicos de la Nueva Categorizaci\u00f3n Ambiental Nacional y su aplicaci\u00f3n mediante la utilizaci\u00f3n del Sistema \u00danico de Informaci\u00f3n Ambiental (SUIA). El objetivo del taller fue preparar a los participantes en el uso de \u00e9sta plataforma, que fue desarrollada para la gesti\u00f3n de tr\u00e1mites y proyectos encaminados al control, registro, mantenimiento y preservaci\u00f3n del ambiente.<\/p>\n<p style=\"text-align: justify;\">El MAE, como principal autoridad ambiental nacional, busca ejercer en forma eficaz y eficiente la legislaci\u00f3n ambiental vigente en el Ecuador, con el prop\u00f3sito de solucionar los problemas ambientales y promover la mejora continua en todos los procesos productivos mitigando la contaminaci\u00f3n ambiental.<\/p>\n","protected":false},"excerpt":{"rendered":"<p class=\"excerpt\">El\u00a0 Ministerio del Ambiente del Ecuador (MAE), a trav\u00e9s de la Direcci\u00f3n Provincial de Imbabura, imparti\u00f3 un Taller de Regularizaci\u00f3n Ambiental, en donde se abord\u00f3 la Nueva Categorizaci\u00f3n Ambiental Nacional y su aplicaci\u00f3n para el registro de los recicladores. El evento realizado el pasado 25 de febrero, en la sala de capacitaci\u00f3n de RESIPOZ, cont\u00f3 con la participaci\u00f3n de 40&hellip; <a href=\"https:\/\/www.ambienteyenergia.gob.ec\/ambiente\/alrededor-de-40-recicladores-fueron-capacitados-sobre-la-nueva-categorizacion-ambiental-nacional\/\">Read more &rarr;<\/a><\/p>\n","protected":false},"author":13,"featured_media":18521,"comment_status":"open","ping_status":"open","sticky":false,"template":"","format":"standard","meta":{"footnotes":""},"categories":[4],"tags":[53],"class_list":["post-18520","post","type-post","status-publish","format-standard","has-post-thumbnail","hentry","category-noticias","tag-mae","xfolkentry"],"_links":{"self":[{"href":"https:\/\/www.ambienteyenergia.gob.ec\/ambiente\/wp-json\/wp\/v2\/posts\/18520","targetHints":{"allow":["GET"]}}],"collection":[{"href":"https:\/\/www.ambienteyenergia.gob.ec\/ambiente\/wp-json\/wp\/v2\/posts"}],"about":[{"href":"https:\/\/www.ambienteyenergia.gob.ec\/ambiente\/wp-json\/wp\/v2\/types\/post"}],"author":[{"embeddable":true,"href":"https:\/\/www.ambienteyenergia.gob.ec\/ambiente\/wp-json\/wp\/v2\/users\/13"}],"replies":[{"embeddable":true,"href":"https:\/\/www.ambienteyenergia.gob.ec\/ambiente\/wp-json\/wp\/v2\/comments?post=18520"}],"version-history":[{"count":0,"href":"https:\/\/www.ambienteyenergia.gob.ec\/ambiente\/wp-json\/wp\/v2\/posts\/18520\/revisions"}],"wp:featuredmedia":[{"embeddable":true,"href":"https:\/\/www.ambienteyenergia.gob.ec\/ambiente\/wp-json\/wp\/v2\/media\/18521"}],"wp:attachment":[{"href":"https:\/\/www.ambienteyenergia.gob.ec\/ambiente\/wp-json\/wp\/v2\/media?parent=18520"}],"wp:term":[{"taxonomy":"category","embeddable":true,"href":"https:\/\/www.ambienteyenergia.gob.ec\/ambiente\/wp-json\/wp\/v2\/categories?post=18520"},{"taxonomy":"post_tag","embeddable":true,"href":"https:\/\/www.ambienteyenergia.gob.ec\/ambiente\/wp-json\/wp\/v2\/tags?post=18520"}],"curies":[{"name":"wp","href":"https:\/\/api.w.org\/{rel}","templated":true}]}}