{"id":18516,"date":"2014-02-26T14:41:02","date_gmt":"2014-02-26T19:41:02","guid":{"rendered":"http:\/\/www.ambiente.gob.ec\/?p=18516"},"modified":"2014-02-27T10:33:47","modified_gmt":"2014-02-27T15:33:47","slug":"ministra-tapia-acompano-al-presidente-correa-en-su-recorrido-de-evaluacion-del-acceso-al-area-nacional-de-recreacion-isla-santay","status":"publish","type":"post","link":"https:\/\/www.ambienteyenergia.gob.ec\/ambiente\/ministra-tapia-acompano-al-presidente-correa-en-su-recorrido-de-evaluacion-del-acceso-al-area-nacional-de-recreacion-isla-santay\/","title":{"rendered":"Ministra Tapia acompa\u00f1\u00f3 al Presidente Correa en su recorrido de evaluaci\u00f3n del acceso al  \u00c1rea Nacional de Recreaci\u00f3n Isla Santay"},"content":{"rendered":"<p style=\"text-align: justify;\" align=\"JUSTIFY\"><span style=\"font-family: Arial, sans-serif;\"><span>El Presidente de la Rep\u00fablica Rafael Correa y la Ministra del Ambiente Lorena Tapia, recorrieron los avances del puente que conecta a Guayaquil con isla Santay, en el cant\u00f3n Dur\u00e1n.<\/span><\/span><\/p>\n<p style=\"text-align: justify;\" align=\"JUSTIFY\"><span style=\"font-family: Arial, sans-serif;\"><span>El turismo nacional y extranjero se ver\u00e1n beneficiados por el puente que inicia en las calle El Oro y la R\u00eda y termina en el \u00c1rea Nacional de Recreaci\u00f3n isla Santay. As\u00ed tambi\u00e9n, el viaducto peatonal y de cicloruta, con una longitud de 800 metros permitir\u00e1 a la comunidad de San Jacinto de Santay, desplazarse hasta Guayaquil.<\/span><\/span><\/p>\n<p style=\"text-align: justify;\" align=\"JUSTIFY\"><span style=\"font-family: Arial, sans-serif;\"><span>El puente que contar\u00e1 con cuatro miradores, forma parte del proyecto Guayaquil Ecol\u00f3gico, en el que participa el Ministerio del Ambiente del Ecuador (MAE) y el Ministerio de Desarrollo Urbano y Vivienda (Miduvi).<\/span><\/span><\/p>\n<p style=\"text-align: justify;\" align=\"JUSTIFY\"><span style=\"font-family: Arial, sans-serif;\"><span>El Gobierno Nacional a trav\u00e9s del MAE, emprende obras, como la construcci\u00f3n de la nueva cocodrilera para once espec\u00edmenes, a fin de proteger la poblaci\u00f3n del Cocodrilo de la Costa (Crocodylus acutus), especie catalogada como En Peligro Cr\u00edtico de acuerdo a la Estrategia Nacional de Conservaci\u00f3n de esta especie, y que consta adem\u00e1s en el Ap\u00e9ndice I del CITES.<\/span><\/span><\/p>\n<p style=\"text-align: justify;\" align=\"JUSTIFY\"><span style=\"font-family: Arial, sans-serif;\"><span>Se prev\u00e9 tener en Santay m\u00e1s senderos naturales para la construcci\u00f3n de juegos de aventura como el cannoping, un deporte extremo que consiste en desplazarse de un \u00e1rbol a otro, a trav\u00e9s de un cable de acero, con la ayuda de un arn\u00e9s de cintura y una polea, lo que le permitir\u00e1 a los m\u00e1s arriesgados disfrutar del paisaje con una vista privilegiada.<\/span><\/span><\/p>\n<p style=\"text-align: justify;\" align=\"JUSTIFY\"><span style=\"font-family: Arial, sans-serif;\"><span>Con la finalidad de recuperar m\u00e1s espacios verdes para Guayaquil, el humedal contar\u00e1 en los pr\u00f3ximos a\u00f1os con m\u00e1s obras que har\u00e1n del lugar uno de los principales atractivos tur\u00edsticos del pa\u00eds.<\/span><\/span><\/p>\n<p style=\"text-align: justify;\" align=\"JUSTIFY\"><a href=\"http:\/\/www.ambienteyenergia.gob.ec\/ambiente\/wp-content\/uploads\/2014\/02\/IMG_0056.jpg\"><img loading=\"lazy\" decoding=\"async\" class=\"aligncenter size-full wp-image-18517\" alt=\"Ministra Tapia acompa\u00f1o al Presidente Correa en su recorrido de evaluaci\u00f3n del acceso al  \u00c1rea Nacional de Recreaci\u00f3n Isla Santay\" src=\"http:\/\/www.ambienteyenergia.gob.ec\/ambiente\/wp-content\/uploads\/2014\/02\/IMG_0056.jpg\" width=\"650\" height=\"593\" srcset=\"https:\/\/www.ambienteyenergia.gob.ec\/ambiente\/wp-content\/uploads\/sites\/2\/2014\/02\/IMG_0056.jpg 650w, https:\/\/www.ambienteyenergia.gob.ec\/ambiente\/wp-content\/uploads\/sites\/2\/2014\/02\/IMG_0056-300x273.jpg 300w, https:\/\/www.ambienteyenergia.gob.ec\/ambiente\/wp-content\/uploads\/sites\/2\/2014\/02\/IMG_0056-328x300.jpg 328w\" sizes=\"auto, (max-width: 650px) 100vw, 650px\" \/><\/a><\/p>\n","protected":false},"excerpt":{"rendered":"<p class=\"excerpt\">El Presidente de la Rep\u00fablica Rafael Correa y la Ministra del Ambiente Lorena Tapia, recorrieron los avances del puente que conecta a Guayaquil con isla Santay, en el cant\u00f3n Dur\u00e1n. El turismo nacional y extranjero se ver\u00e1n beneficiados por el puente que inicia en las calle El Oro y la R\u00eda y termina en el \u00c1rea Nacional de Recreaci\u00f3n isla&hellip; <a href=\"https:\/\/www.ambienteyenergia.gob.ec\/ambiente\/ministra-tapia-acompano-al-presidente-correa-en-su-recorrido-de-evaluacion-del-acceso-al-area-nacional-de-recreacion-isla-santay\/\">Read more &rarr;<\/a><\/p>\n","protected":false},"author":13,"featured_media":18518,"comment_status":"open","ping_status":"open","sticky":false,"template":"","format":"standard","meta":{"footnotes":""},"categories":[16,4],"tags":[],"class_list":["post-18516","post","type-post","status-publish","format-standard","has-post-thumbnail","hentry","category-comunicamos","category-noticias","xfolkentry"],"_links":{"self":[{"href":"https:\/\/www.ambienteyenergia.gob.ec\/ambiente\/wp-json\/wp\/v2\/posts\/18516","targetHints":{"allow":["GET"]}}],"collection":[{"href":"https:\/\/www.ambienteyenergia.gob.ec\/ambiente\/wp-json\/wp\/v2\/posts"}],"about":[{"href":"https:\/\/www.ambienteyenergia.gob.ec\/ambiente\/wp-json\/wp\/v2\/types\/post"}],"author":[{"embeddable":true,"href":"https:\/\/www.ambienteyenergia.gob.ec\/ambiente\/wp-json\/wp\/v2\/users\/13"}],"replies":[{"embeddable":true,"href":"https:\/\/www.ambienteyenergia.gob.ec\/ambiente\/wp-json\/wp\/v2\/comments?post=18516"}],"version-history":[{"count":0,"href":"https:\/\/www.ambienteyenergia.gob.ec\/ambiente\/wp-json\/wp\/v2\/posts\/18516\/revisions"}],"wp:featuredmedia":[{"embeddable":true,"href":"https:\/\/www.ambienteyenergia.gob.ec\/ambiente\/wp-json\/wp\/v2\/media\/18518"}],"wp:attachment":[{"href":"https:\/\/www.ambienteyenergia.gob.ec\/ambiente\/wp-json\/wp\/v2\/media?parent=18516"}],"wp:term":[{"taxonomy":"category","embeddable":true,"href":"https:\/\/www.ambienteyenergia.gob.ec\/ambiente\/wp-json\/wp\/v2\/categories?post=18516"},{"taxonomy":"post_tag","embeddable":true,"href":"https:\/\/www.ambienteyenergia.gob.ec\/ambiente\/wp-json\/wp\/v2\/tags?post=18516"}],"curies":[{"name":"wp","href":"https:\/\/api.w.org\/{rel}","templated":true}]}}