{"id":18500,"date":"2014-02-25T22:24:00","date_gmt":"2014-02-26T03:24:00","guid":{"rendered":"http:\/\/www.ambiente.gob.ec\/?p=18500"},"modified":"2014-02-27T10:50:20","modified_gmt":"2014-02-27T15:50:20","slug":"un-hito-en-la-gestion-ambiental-se-crea-instituto-nacional-de-biodiversidad-adscrito-al-mae","status":"publish","type":"post","link":"https:\/\/www.ambienteyenergia.gob.ec\/ambiente\/un-hito-en-la-gestion-ambiental-se-crea-instituto-nacional-de-biodiversidad-adscrito-al-mae\/","title":{"rendered":"Un hito en la gesti\u00f3n ambiental: se crea Instituto Nacional de Biodiversidad adscrito al MAE"},"content":{"rendered":"<p style=\"text-align: justify;\">A trav\u00e9s del Decreto Ejecutivo 245, el Presidente de la Rep\u00fablica, Rafael Correa cre\u00f3 el Instituto Nacional de Biodiversidad que estar\u00e1 adscrito al Ministerio del Ambiente con personalidad jur\u00eddica de derecho p\u00fablico con independencia funcional, administrativa, financiera y presupuestaria y de jurisdicci\u00f3n nacional.<\/p>\n<p style=\"text-align: justify;\">El objetivo del Instituto Nacional de Biodiversidad, como se\u00f1ala el art. 2 del mencionado Decreto, es planificar, promover, coordinar y ejecutar procesos de investigaci\u00f3n relacionados al campo de la biodiversidad, orientados a la conservaci\u00f3n y aprovechamiento sostenible de este recurso y sector estrat\u00e9gico, de acuerdo a las pol\u00edticas ambientales existentes y la normativa legal aplicable.<\/p>\n<p style=\"text-align: justify;\"><em>\u201cEl Instituto se encargar\u00e1 de generar el conocimiento y desarrollar ciencia, tecnolog\u00eda e innovaci\u00f3n que requiere el Estado ecuatoriano para garantizar la conservaci\u00f3n de su patrimonio natural mediante el uso soberano, estrat\u00e9gico y sustentable de la biodiversidad y sus componentes para la consolidaci\u00f3n de la sociedad del Buen Vivir\u201d<\/em>, se\u00f1ala el Decreto Ejecutivo.<\/p>\n<p style=\"text-align: justify;\">Entre sus atribuciones est\u00e1: Impulsar y coordinar la labor interdisciplinaria de los grupos de investigaci\u00f3n con grupos nacionales e internacionales de reconocido prestigio en este \u00e1mbito, adem\u00e1s, inventariar, clasificar, conservar, exhibir y difundir el conocimiento sobre las especies naturales del pa\u00eds. Esta entidad adscrita a la M\u00e1xima Autoridad Ambiental del pa\u00eds deber\u00e1 canalizar el trabajo de los investigadores acreditados, de acuerdo a las necesidades del Instituto, de conformidad con la normativa que emita el ente rector en la materia de investigaci\u00f3n, ciencia y tecnolog\u00eda; bajo una Agenda Nacional de Investigaci\u00f3n.<\/p>\n<p style=\"text-align: justify;\">El Decreto se\u00f1ala -adem\u00e1s- que el directorio estar\u00e1 conformado por la Ministra del Ambiente o su delegado, el Secretario de Educaci\u00f3n Superior, Ciencia, Tecnolog\u00eda e Innovaci\u00f3n o su delegado, el Ministro Coordinador de Conocimiento y Talento Humano, como delegado del Presidente de la Rep\u00fablica, entre otros delegados de Universidades y representantes de empresas p\u00fablicas cuyas actividades sean afines a las competencias de este Instituto.<\/p>\n<p style=\"text-align: justify;\">La Ministra Lorena Tapia a inicios de este a\u00f1o anunci\u00f3 la creaci\u00f3n de esta entidad como un hito 2014. \u201cDesde este Instituto se podr\u00e1 articular y potenciar todas las iniciativas nacionales de investigaci\u00f3n y monitoreo de la biodiversidad. Esto nos permitir\u00e1 integrar el conocimiento cient\u00edfico y los saberes ancestrales, para alcanzar el sue\u00f1o del Sumak Kawsay. Se trabajar\u00e1 de la mano con otras entidades, principalmente con la Secretar\u00eda Nacional de Ciencia y Tecnolog\u00eda\u201d, recalc\u00f3 la Ministra Tapia.<\/p>\n<p style=\"text-align: justify;\">Agreg\u00f3 que a \u201cla gesti\u00f3n del conocimiento, visto ahora como un bien p\u00fablico, hace posible so\u00f1ar que en un futuro no muy lejano, el bioconocimiento sea el motor de la producci\u00f3n de bienes y servicios derivados de la biodiversidad, que no solo permitan al Ecuador diversificar la matriz de producci\u00f3n y consumo nacional, sino que est\u00e9 en la capacidad de generar una oferta exportable de productos y servicios de alto valor agregado\u201d<\/p>\n<p style=\"text-align: justify;\"><a href=\"http:\/\/www.ambienteyenergia.gob.ec\/ambiente\/wp-content\/uploads\/downloads\/2014\/02\/pdf-decreto-245-24-feb-2014.pdf\">Descargar Decreto 245<\/a><\/p>\n","protected":false},"excerpt":{"rendered":"<p class=\"excerpt\">A trav\u00e9s del Decreto Ejecutivo 245, el Presidente de la Rep\u00fablica, Rafael Correa cre\u00f3 el Instituto Nacional de Biodiversidad que estar\u00e1 adscrito al Ministerio del Ambiente con personalidad jur\u00eddica de derecho p\u00fablico con independencia funcional, administrativa, financiera y presupuestaria y de jurisdicci\u00f3n nacional. El objetivo del Instituto Nacional de Biodiversidad, como se\u00f1ala el art. 2 del mencionado Decreto, es planificar,&hellip; <a href=\"https:\/\/www.ambienteyenergia.gob.ec\/ambiente\/un-hito-en-la-gestion-ambiental-se-crea-instituto-nacional-de-biodiversidad-adscrito-al-mae\/\">Read more &rarr;<\/a><\/p>\n","protected":false},"author":13,"featured_media":18501,"comment_status":"open","ping_status":"open","sticky":false,"template":"","format":"standard","meta":{"footnotes":""},"categories":[16,4],"tags":[403,348,108,53],"class_list":["post-18500","post","type-post","status-publish","format-standard","has-post-thumbnail","hentry","category-comunicamos","category-noticias","tag-biodiversidad","tag-educacion","tag-lorena-tapia","tag-mae","xfolkentry"],"_links":{"self":[{"href":"https:\/\/www.ambienteyenergia.gob.ec\/ambiente\/wp-json\/wp\/v2\/posts\/18500","targetHints":{"allow":["GET"]}}],"collection":[{"href":"https:\/\/www.ambienteyenergia.gob.ec\/ambiente\/wp-json\/wp\/v2\/posts"}],"about":[{"href":"https:\/\/www.ambienteyenergia.gob.ec\/ambiente\/wp-json\/wp\/v2\/types\/post"}],"author":[{"embeddable":true,"href":"https:\/\/www.ambienteyenergia.gob.ec\/ambiente\/wp-json\/wp\/v2\/users\/13"}],"replies":[{"embeddable":true,"href":"https:\/\/www.ambienteyenergia.gob.ec\/ambiente\/wp-json\/wp\/v2\/comments?post=18500"}],"version-history":[{"count":0,"href":"https:\/\/www.ambienteyenergia.gob.ec\/ambiente\/wp-json\/wp\/v2\/posts\/18500\/revisions"}],"wp:featuredmedia":[{"embeddable":true,"href":"https:\/\/www.ambienteyenergia.gob.ec\/ambiente\/wp-json\/wp\/v2\/media\/18501"}],"wp:attachment":[{"href":"https:\/\/www.ambienteyenergia.gob.ec\/ambiente\/wp-json\/wp\/v2\/media?parent=18500"}],"wp:term":[{"taxonomy":"category","embeddable":true,"href":"https:\/\/www.ambienteyenergia.gob.ec\/ambiente\/wp-json\/wp\/v2\/categories?post=18500"},{"taxonomy":"post_tag","embeddable":true,"href":"https:\/\/www.ambienteyenergia.gob.ec\/ambiente\/wp-json\/wp\/v2\/tags?post=18500"}],"curies":[{"name":"wp","href":"https:\/\/api.w.org\/{rel}","templated":true}]}}