{"id":18493,"date":"2014-02-25T22:02:51","date_gmt":"2014-02-26T03:02:51","guid":{"rendered":"http:\/\/www.ambiente.gob.ec\/?p=18493"},"modified":"2014-02-25T22:02:51","modified_gmt":"2014-02-26T03:02:51","slug":"se-intensifica-monitoreo-en-area-de-hallazgo-de-falsa-coral","status":"publish","type":"post","link":"https:\/\/www.ambienteyenergia.gob.ec\/ambiente\/se-intensifica-monitoreo-en-area-de-hallazgo-de-falsa-coral\/","title":{"rendered":"Se intensifica monitoreo en \u00e1rea de hallazgo de falsa coral"},"content":{"rendered":"<p style=\"text-align: justify;\">La Agencia de Bioseguridad del Ministerio del Ambiente (MAE), de forma conjunta con la Direcci\u00f3n del Parque Nacional Gal\u00e1pagos organiz\u00f3 un plan de monitoreo en la zona del control de Santa Rosa (zona alta de isla Santa Cruz), lugar donde fue atropellada la serpiente falsa coral, inmediatamente se procedi\u00f3 a limpiar la maleza para posteriormente realizar un cerco de 2 km utilizando repelentes con el af\u00e1n de monitorear la posible presencia de otros individuos de esta especie.<\/p>\n<p>Es importante mencionar que los sistemas de cuarentena se basan en 3 barreras de prevenci\u00f3n que son: inspecci\u00f3n en puertos y aeropuertos, el monitoreo en campo y respuesta r\u00e1pida ante emergencias.<\/p>\n<p>\u201cNing\u00fan sistema cuarentenario es 100% eficiente en ning\u00fan lugar del mundo, adem\u00e1s \u00a0las instituciones p\u00fablicas, privadas y la comunidad en general deben sumarse a las labores de prevenci\u00f3n de especies introducidas y colaborar con los procesos de inspecci\u00f3n\u201d se\u00f1al\u00f3 la Dra. Marilyn Cruz, Directora Ejecutiva de la Agencia de Bioseguridad.<\/p>\n<p>A partir del 1 de marzo de 2014 se integrar\u00e1n 100 nuevos funcionarios que fortalecer\u00e1n las \u00e1reas de inspecci\u00f3n y monitoreo en campo, adem\u00e1s durante el \u00faltimo trimestre del 2013, gracias al apoyo del gobierno central la Agencia de Bioseguridad para Gal\u00e1pagos ha realizado la adquisici\u00f3n de materiales tanto para la inspecci\u00f3n en puertos y aeropuertos como para el monitoreo de especies invasoras que ya se encuentran en las islas con el af\u00e1n de erradicarlas de manera permanente. Al momento la Agencia \u00a0cuenta con un proyecto de inversi\u00f3n aprobado que permitir\u00e1 fortalecer todas las \u00e1reas de la ABG y trabajar por la conservaci\u00f3n de las Islas Gal\u00e1pagos.<\/p>\n<p><strong>Datos:<\/strong><\/p>\n<ul>\n<li>Fortalecer el recurso humano que trabaja en la ABG es la prioridad para el gobierno Ecuatoriano en este 2014, garantizando as\u00ed mejor control y prevenci\u00f3n de ingreso de especies for\u00e1neas.<\/li>\n<li>Este es el primer reporte hist\u00f3rico reportado de la aparici\u00f3n de una serpiente for\u00e1nea en las islas Gal\u00e1pagos.<\/li>\n<\/ul>\n<p><a href=\"http:\/\/www.ambienteyenergia.gob.ec\/ambiente\/wp-content\/uploads\/2014\/02\/ABG-Gal\u00e1pagos.jpg\"><img loading=\"lazy\" decoding=\"async\" class=\"aligncenter size-full wp-image-18494\" alt=\"ABG Gal\u00e1pagos\" src=\"http:\/\/www.ambienteyenergia.gob.ec\/ambiente\/wp-content\/uploads\/2014\/02\/ABG-Gal\u00e1pagos.jpg\" width=\"300\" height=\"211\" \/><\/a><\/p>\n","protected":false},"excerpt":{"rendered":"<p class=\"excerpt\">La Agencia de Bioseguridad del Ministerio del Ambiente (MAE), de forma conjunta con la Direcci\u00f3n del Parque Nacional Gal\u00e1pagos organiz\u00f3 un plan de monitoreo en la zona del control de Santa Rosa (zona alta de isla Santa Cruz), lugar donde fue atropellada la serpiente falsa coral, inmediatamente se procedi\u00f3 a limpiar la maleza para posteriormente realizar un cerco de 2&hellip; <a href=\"https:\/\/www.ambienteyenergia.gob.ec\/ambiente\/se-intensifica-monitoreo-en-area-de-hallazgo-de-falsa-coral\/\">Read more &rarr;<\/a><\/p>\n","protected":false},"author":13,"featured_media":18496,"comment_status":"open","ping_status":"open","sticky":false,"template":"","format":"standard","meta":{"footnotes":""},"categories":[16,4],"tags":[56,108,53,413],"class_list":["post-18493","post","type-post","status-publish","format-standard","has-post-thumbnail","hentry","category-comunicamos","category-noticias","tag-galapagos","tag-lorena-tapia","tag-mae","tag-monitoreos","xfolkentry"],"_links":{"self":[{"href":"https:\/\/www.ambienteyenergia.gob.ec\/ambiente\/wp-json\/wp\/v2\/posts\/18493","targetHints":{"allow":["GET"]}}],"collection":[{"href":"https:\/\/www.ambienteyenergia.gob.ec\/ambiente\/wp-json\/wp\/v2\/posts"}],"about":[{"href":"https:\/\/www.ambienteyenergia.gob.ec\/ambiente\/wp-json\/wp\/v2\/types\/post"}],"author":[{"embeddable":true,"href":"https:\/\/www.ambienteyenergia.gob.ec\/ambiente\/wp-json\/wp\/v2\/users\/13"}],"replies":[{"embeddable":true,"href":"https:\/\/www.ambienteyenergia.gob.ec\/ambiente\/wp-json\/wp\/v2\/comments?post=18493"}],"version-history":[{"count":0,"href":"https:\/\/www.ambienteyenergia.gob.ec\/ambiente\/wp-json\/wp\/v2\/posts\/18493\/revisions"}],"wp:featuredmedia":[{"embeddable":true,"href":"https:\/\/www.ambienteyenergia.gob.ec\/ambiente\/wp-json\/wp\/v2\/media\/18496"}],"wp:attachment":[{"href":"https:\/\/www.ambienteyenergia.gob.ec\/ambiente\/wp-json\/wp\/v2\/media?parent=18493"}],"wp:term":[{"taxonomy":"category","embeddable":true,"href":"https:\/\/www.ambienteyenergia.gob.ec\/ambiente\/wp-json\/wp\/v2\/categories?post=18493"},{"taxonomy":"post_tag","embeddable":true,"href":"https:\/\/www.ambienteyenergia.gob.ec\/ambiente\/wp-json\/wp\/v2\/tags?post=18493"}],"curies":[{"name":"wp","href":"https:\/\/api.w.org\/{rel}","templated":true}]}}