{"id":18489,"date":"2014-02-25T16:57:39","date_gmt":"2014-02-25T21:57:39","guid":{"rendered":"http:\/\/www.ambiente.gob.ec\/?p=18489"},"modified":"2014-02-25T16:57:39","modified_gmt":"2014-02-25T21:57:39","slug":"mae-en-trabajo-conjunto-con-la-ciudadania-rescata-a-un-oso-hormiguero-en-el-oro","status":"publish","type":"post","link":"https:\/\/www.ambienteyenergia.gob.ec\/ambiente\/mae-en-trabajo-conjunto-con-la-ciudadania-rescata-a-un-oso-hormiguero-en-el-oro\/","title":{"rendered":"MAE en trabajo conjunto con la ciudadan\u00eda rescata a un oso hormiguero en El Oro"},"content":{"rendered":"<p style=\"text-align: justify;\">El Ministerio del Ambiente del Ecuador (MAE), en coordinaci\u00f3n con la poblaci\u00f3n de la parroquia de Puerto Bol\u00edvar, rescat\u00f3 a un oso hormiguero o mielero <b><i>(Tamandua tetradactyla), <\/i><\/b>que se encontraba en<b><i> <\/i><\/b>los alrededores del Barrio Amazonas del cant\u00f3n Machala, provincia de El Oro.<\/p>\n<p style=\"text-align: justify;\">Gracias al trabajo conjunto de esta Cartera de Estado y la ciudadan\u00eda que inform\u00f3 inmediatamente de la presencia del animal en la zona, se pudo rescatar al ejemplar y examinarlo para determinar su estado de salud. Luego varias revisiones m\u00e9dicas, se comprob\u00f3 que su condici\u00f3n era favorable, por lo que se procedi\u00f3 a liberarlo en la Reserva Ecol\u00f3gica Arenillas, lugar que tiene caracter\u00edsticas propias de su h\u00e1bitat natural.<\/p>\n<p style=\"text-align: justify;\">El MAE, como principal autoridad ambiental del pa\u00eds, solicita a la poblaci\u00f3n que tenga animales de vida silvestre en cautiverio, los entregue de manera voluntaria o si conoce de alg\u00fan caso de tenencia ilegal de especies realice su denuncia en la Direcci\u00f3n Provincial del Ambiente de El Oro ubicado en las calles, Vela entre 25 de Junio y Sucre (Ex-Edificio de Predesur) 5to piso o al tel\u00e9fono 2934596, extensi\u00f3n 15.<\/p>\n<p style=\"text-align: justify;\">Asimismo, el MAE despliega en la Provincia de El Oro m\u00faltiples eventos de educaci\u00f3n ambiental, trabajo comunitario y actividades de vinculaci\u00f3n social con la finalidad de educar a la poblaci\u00f3n sobre la importancia de proteger y conservar la naturaleza.<\/p>\n<p style=\"text-align: justify;\">\n","protected":false},"excerpt":{"rendered":"<p class=\"excerpt\">El Ministerio del Ambiente del Ecuador (MAE), en coordinaci\u00f3n con la poblaci\u00f3n de la parroquia de Puerto Bol\u00edvar, rescat\u00f3 a un oso hormiguero o mielero (Tamandua tetradactyla), que se encontraba en los alrededores del Barrio Amazonas del cant\u00f3n Machala, provincia de El Oro. Gracias al trabajo conjunto de esta Cartera de Estado y la ciudadan\u00eda que inform\u00f3 inmediatamente de la&hellip; <a href=\"https:\/\/www.ambienteyenergia.gob.ec\/ambiente\/mae-en-trabajo-conjunto-con-la-ciudadania-rescata-a-un-oso-hormiguero-en-el-oro\/\">Read more &rarr;<\/a><\/p>\n","protected":false},"author":13,"featured_media":18490,"comment_status":"open","ping_status":"open","sticky":false,"template":"","format":"standard","meta":{"footnotes":""},"categories":[16,4],"tags":[],"class_list":["post-18489","post","type-post","status-publish","format-standard","has-post-thumbnail","hentry","category-comunicamos","category-noticias","xfolkentry"],"_links":{"self":[{"href":"https:\/\/www.ambienteyenergia.gob.ec\/ambiente\/wp-json\/wp\/v2\/posts\/18489","targetHints":{"allow":["GET"]}}],"collection":[{"href":"https:\/\/www.ambienteyenergia.gob.ec\/ambiente\/wp-json\/wp\/v2\/posts"}],"about":[{"href":"https:\/\/www.ambienteyenergia.gob.ec\/ambiente\/wp-json\/wp\/v2\/types\/post"}],"author":[{"embeddable":true,"href":"https:\/\/www.ambienteyenergia.gob.ec\/ambiente\/wp-json\/wp\/v2\/users\/13"}],"replies":[{"embeddable":true,"href":"https:\/\/www.ambienteyenergia.gob.ec\/ambiente\/wp-json\/wp\/v2\/comments?post=18489"}],"version-history":[{"count":0,"href":"https:\/\/www.ambienteyenergia.gob.ec\/ambiente\/wp-json\/wp\/v2\/posts\/18489\/revisions"}],"wp:featuredmedia":[{"embeddable":true,"href":"https:\/\/www.ambienteyenergia.gob.ec\/ambiente\/wp-json\/wp\/v2\/media\/18490"}],"wp:attachment":[{"href":"https:\/\/www.ambienteyenergia.gob.ec\/ambiente\/wp-json\/wp\/v2\/media?parent=18489"}],"wp:term":[{"taxonomy":"category","embeddable":true,"href":"https:\/\/www.ambienteyenergia.gob.ec\/ambiente\/wp-json\/wp\/v2\/categories?post=18489"},{"taxonomy":"post_tag","embeddable":true,"href":"https:\/\/www.ambienteyenergia.gob.ec\/ambiente\/wp-json\/wp\/v2\/tags?post=18489"}],"curies":[{"name":"wp","href":"https:\/\/api.w.org\/{rel}","templated":true}]}}