{"id":18483,"date":"2014-02-25T15:41:47","date_gmt":"2014-02-25T20:41:47","guid":{"rendered":"http:\/\/www.ambiente.gob.ec\/?p=18483"},"modified":"2014-02-25T15:41:47","modified_gmt":"2014-02-25T20:41:47","slug":"red-guardianes-del-planeta-capacita-a-44-tecnicos-en-buenas-practicas-ambientales","status":"publish","type":"post","link":"https:\/\/www.ambienteyenergia.gob.ec\/ambiente\/red-guardianes-del-planeta-capacita-a-44-tecnicos-en-buenas-practicas-ambientales\/","title":{"rendered":"Red Guardianes del Planeta capacita a 44 t\u00e9cnicos en buenas pr\u00e1cticas ambientales"},"content":{"rendered":"<p style=\"text-align: justify;\">Hoy, en el centro de Convenciones Eugenio Espejo, en Quito, se desarroll\u00f3 la Primera Jornada de Talleres de Educaci\u00f3n Ambiental para la Red Guardianes del Planeta impulsada por el Ministerio del Ambiente del Ecuador (MAE), con el fin de capacitar a t\u00e9cnicos de las direcciones provinciales en metodolog\u00edas pr\u00e1cticas y pedag\u00f3gicas para el desarrollo de las actividades enfocadas en el programa ambiental. El evento tambi\u00e9n cont\u00f3 con la participaci\u00f3n de voluntarios del Servicio Civil Ciudadano.<\/p>\n<p style=\"text-align: justify;\">Valeria Andrade, Coordinadora del Proyecto de Educaci\u00f3n Ciudadana \u00abSomos parte de la Soluci\u00f3n\u00bb, en su intervenci\u00f3n agradeci\u00f3 la presencia de todos y explic\u00f3 que la Red Guardianes del Planeta (RGP) es un componente fundamental para el MAE. \u00abLo que queremos hacer en estas jornadas es darles herramientas te\u00f3rico pr\u00e1cticas, para que puedan desarrollar adecuadamente los talleres dirigidos especialmente a ni\u00f1os\u00bb, asegur\u00f3.<\/p>\n<p style=\"text-align: justify;\">En el taller, que finalizar\u00e1 ma\u00f1ana, se tratar\u00e1n temas como sensibilizaci\u00f3n ambiental, la educaci\u00f3n ambiental como eje transversal en el curr\u00edculum acad\u00e9mico, y finalmente,\u00a0 herramientas y metodolog\u00edas pedag\u00f3gicas.<\/p>\n<p style=\"text-align: justify;\">En ese sentido, Miguel Palacios, docente de la c\u00e1tedra de Educaci\u00f3n Ambiental de la Escuela Polit\u00e9cnica del Ej\u00e9rcito (ESPE) y uno de los expositores, explic\u00f3 sobre la importancia que tiene la educaci\u00f3n y sensibilizaci\u00f3n ambiental dentro de la RGP y la incorporaci\u00f3n de la comunidad a la soluci\u00f3n de los problemas ambientales.<\/p>\n<p style=\"text-align: justify;\">Al evento asistieron alrededor de 44 participantes de todas las provincias del pa\u00eds, quienes intercambiaron experiencias en la realizaci\u00f3n de actividades para sensibilizar a ni\u00f1os y ni\u00f1as en buenas pr\u00e1cticas ambientales.<\/p>\n<p style=\"text-align: justify;\">Orley Ochoa, T\u00e9cnico del Parque Nacional Llanganates, mencion\u00f3 que \u00e9ste programa trata de \u00absensibilizar y concienciar, especialmente a los ni\u00f1os, para que desde sus tiernas edades conozcan la importancia de conservar el ambiente, el valor de la biodiversidad y qu\u00e9 \u00e1reas protegidas existen en el pa\u00eds. Este taller nos servir\u00e1 mucho, primero para conocer a\u00a0 todos los t\u00e9cnicos que trabajan con la red guardianes del planeta y segundo, para fortalecer conocimientos, metodolog\u00edas y t\u00e9cnicas que podemos aplicar\u00bb, afirm\u00f3.<\/p>\n<p style=\"text-align: justify;\">La capacitaci\u00f3n est\u00e1 orientada a mejorar las competencias y habilidades en t\u00e9cnicas de facilitaci\u00f3n<b> <\/b>de los t\u00e9cnicos responsables de la Red Guardianes del Planeta en las Direcciones Provinciales del Ambiente.<\/p>\n<p style=\"text-align: justify;\">\n<p style=\"text-align: justify;\"><strong>\u00bfQu\u00e9 es la Red Guardianes del Planeta?<\/strong><\/p>\n<p style=\"text-align: justify;\">\u00abLa Red Guardianes del Planeta (RGP) fue presentada el 26 de enero del a\u00f1o pasado, en conmemoraci\u00f3n del D\u00eda Mundial de la Educaci\u00f3n Ambiental, con el objetivo de formar ciudadanos y ciudadanas, que tengan la capacidad de proteger el ambiente y adoptar buenas pr\u00e1cticas ambientales\u00bb, comento Andrade.<\/p>\n<p style=\"text-align: justify;\">La RGP ha tenido un impacto positivo en la adopci\u00f3n de buenas pr\u00e1cticas ambientales en la poblaci\u00f3n ecuatoriana, a trav\u00e9s de actividades innovadoras de conservaci\u00f3n del medio natural creando conciencia en docentes, ni\u00f1os y ni\u00f1as sobre el uso responsable de recursos naturales. \u00abEn el a\u00f1o 2013, orgullosamente podemos decir que el MAE sensibiliz\u00f3 a 23 213 ni\u00f1os con una cobertura nacional\u00bb, ratific\u00f3 Andrade.<\/p>\n<div id='gallery-1' class='gallery galleryid-18483 gallery-columns-3 gallery-size-thumbnail'><dl class='gallery-item'>\n\t\t\t<dt class='gallery-icon landscape'>\n\t\t\t\t<a href='https:\/\/www.ambienteyenergia.gob.ec\/ambiente\/red-guardianes-del-planeta-capacita-a-44-tecnicos-en-buenas-practicas-ambientales\/img_4330\/'><img loading=\"lazy\" decoding=\"async\" width=\"150\" height=\"150\" src=\"https:\/\/www.ambienteyenergia.gob.ec\/ambiente\/wp-content\/uploads\/sites\/2\/2014\/02\/IMG_4330-150x150.jpg\" class=\"attachment-thumbnail size-thumbnail\" alt=\"\" \/><\/a>\n\t\t\t<\/dt><\/dl><dl class='gallery-item'>\n\t\t\t<dt class='gallery-icon landscape'>\n\t\t\t\t<a href='https:\/\/www.ambienteyenergia.gob.ec\/ambiente\/red-guardianes-del-planeta-capacita-a-44-tecnicos-en-buenas-practicas-ambientales\/img_4340\/'><img loading=\"lazy\" decoding=\"async\" width=\"150\" height=\"150\" src=\"https:\/\/www.ambienteyenergia.gob.ec\/ambiente\/wp-content\/uploads\/sites\/2\/2014\/02\/IMG_4340-150x150.jpg\" class=\"attachment-thumbnail size-thumbnail\" alt=\"\" \/><\/a>\n\t\t\t<\/dt><\/dl><dl class='gallery-item'>\n\t\t\t<dt class='gallery-icon landscape'>\n\t\t\t\t<a href='https:\/\/www.ambienteyenergia.gob.ec\/ambiente\/red-guardianes-del-planeta-capacita-a-44-tecnicos-en-buenas-practicas-ambientales\/img_4341\/'><img loading=\"lazy\" decoding=\"async\" width=\"150\" height=\"150\" src=\"https:\/\/www.ambienteyenergia.gob.ec\/ambiente\/wp-content\/uploads\/sites\/2\/2014\/02\/IMG_4341-150x150.jpg\" class=\"attachment-thumbnail size-thumbnail\" alt=\"\" \/><\/a>\n\t\t\t<\/dt><\/dl><br style=\"clear: both\" \/>\n\t\t<\/div>\n\n","protected":false},"excerpt":{"rendered":"<p class=\"excerpt\">Hoy, en el centro de Convenciones Eugenio Espejo, en Quito, se desarroll\u00f3 la Primera Jornada de Talleres de Educaci\u00f3n Ambiental para la Red Guardianes del Planeta impulsada por el Ministerio del Ambiente del Ecuador (MAE), con el fin de capacitar a t\u00e9cnicos de las direcciones provinciales en metodolog\u00edas pr\u00e1cticas y pedag\u00f3gicas para el desarrollo de las actividades enfocadas en el&hellip; <a href=\"https:\/\/www.ambienteyenergia.gob.ec\/ambiente\/red-guardianes-del-planeta-capacita-a-44-tecnicos-en-buenas-practicas-ambientales\/\">Read more &rarr;<\/a><\/p>\n","protected":false},"author":13,"featured_media":18487,"comment_status":"open","ping_status":"open","sticky":false,"template":"","format":"standard","meta":{"footnotes":""},"categories":[16,4],"tags":[],"class_list":["post-18483","post","type-post","status-publish","format-standard","has-post-thumbnail","hentry","category-comunicamos","category-noticias","xfolkentry"],"_links":{"self":[{"href":"https:\/\/www.ambienteyenergia.gob.ec\/ambiente\/wp-json\/wp\/v2\/posts\/18483","targetHints":{"allow":["GET"]}}],"collection":[{"href":"https:\/\/www.ambienteyenergia.gob.ec\/ambiente\/wp-json\/wp\/v2\/posts"}],"about":[{"href":"https:\/\/www.ambienteyenergia.gob.ec\/ambiente\/wp-json\/wp\/v2\/types\/post"}],"author":[{"embeddable":true,"href":"https:\/\/www.ambienteyenergia.gob.ec\/ambiente\/wp-json\/wp\/v2\/users\/13"}],"replies":[{"embeddable":true,"href":"https:\/\/www.ambienteyenergia.gob.ec\/ambiente\/wp-json\/wp\/v2\/comments?post=18483"}],"version-history":[{"count":0,"href":"https:\/\/www.ambienteyenergia.gob.ec\/ambiente\/wp-json\/wp\/v2\/posts\/18483\/revisions"}],"wp:featuredmedia":[{"embeddable":true,"href":"https:\/\/www.ambienteyenergia.gob.ec\/ambiente\/wp-json\/wp\/v2\/media\/18487"}],"wp:attachment":[{"href":"https:\/\/www.ambienteyenergia.gob.ec\/ambiente\/wp-json\/wp\/v2\/media?parent=18483"}],"wp:term":[{"taxonomy":"category","embeddable":true,"href":"https:\/\/www.ambienteyenergia.gob.ec\/ambiente\/wp-json\/wp\/v2\/categories?post=18483"},{"taxonomy":"post_tag","embeddable":true,"href":"https:\/\/www.ambienteyenergia.gob.ec\/ambiente\/wp-json\/wp\/v2\/tags?post=18483"}],"curies":[{"name":"wp","href":"https:\/\/api.w.org\/{rel}","templated":true}]}}