{"id":18444,"date":"2014-02-21T23:24:26","date_gmt":"2014-02-22T04:24:26","guid":{"rendered":"http:\/\/www.ambiente.gob.ec\/?p=18444"},"modified":"2014-02-22T07:45:46","modified_gmt":"2014-02-22T12:45:46","slug":"ecuador-participa-en-la-sexta-sesion-de-la-junta-ejecutiva-del-fondo-verde-climatico-en-indonesia","status":"publish","type":"post","link":"https:\/\/www.ambienteyenergia.gob.ec\/ambiente\/ecuador-participa-en-la-sexta-sesion-de-la-junta-ejecutiva-del-fondo-verde-climatico-en-indonesia\/","title":{"rendered":"Ecuador participa en la sexta sesi\u00f3n de la Junta Ejecutiva del Fondo Verde Clim\u00e1tico, en Indonesia"},"content":{"rendered":"<p style=\"text-align: justify;\">La Viceministra del Ambiente, M\u00f3nica Hidalgo, participa en la sexta sesi\u00f3n de la Junta Ejecutiva del Fondo Verde Clim\u00e1tico, que se desarrolla del 19 al 21 de febrero en Bali, en la Rep\u00fablica de Indonesia. El objetivo de la visita oficial fue alinear el trabajo del Ecuador a los principios establecidos por la Convenci\u00f3n Marco de Naciones Unidas sobre el cambio clim\u00e1tico y tratar diversos temas de cooperaci\u00f3n. En las reuniones, tambi\u00e9n participan observadores de la sociedad civil y sector privado.<\/p>\n<p style=\"text-align: justify;\">Ecuador expuso su posici\u00f3n frente al resto de pa\u00edses miembros sobre la finalidad y lo que espera del Fondo Verde. En ese sentido, el Ministerio del Ambiente del Ecuador (MAE), busca que el financiamiento de este Fondo pueda canalizarse de una manera efectiva, definiendo pol\u00edticas financieras, fiduciarias, est\u00e1ndares sociales, ambientales, pol\u00edticas de g\u00e9nero, de distribuci\u00f3n de recursos, de modalidades y responsabilidades de autoridades nacionales de una manera efectiva.<\/p>\n<p style=\"text-align: justify;\">Asimismo, la actuaci\u00f3n de esta Cartera de Estado estar\u00e1 enfocada en contrarrestar la posici\u00f3n de pa\u00edses desarrollados de querer involucrar de una manera excesiva al sector privado en la gobernanza del Fondo. La idea es poder encontrar un espacio medio entre esta posici\u00f3n y algunas posturas de pa\u00edses desarrollados que intentan acaparar la mayor cantidad de fondos. En ese aspecto, Ecuador como miembro titular de la troika que conforma con Per\u00fa y Colombia defender\u00e1 el acceso equilibrado al financiamiento.<\/p>\n<p style=\"text-align: justify;\"><strong>\u00bfQu\u00e9 es el Fondo Verde?<\/strong><\/p>\n<p style=\"text-align: justify;\">Este es un Fondo Internacional creado bajo la Convenci\u00f3n Marco de Naciones Unidas sobre Cambio Clim\u00e1tico y su objetivo es financiar proyectos y programas relacionados al cambio clim\u00e1tico para promover una transformaci\u00f3n paradigm\u00e1tica. \u00c9ste debe ser financiado por pa\u00edses desarrollados. Su junta Ejecutiva est\u00e1 conformada por 24 miembros, 12 de pa\u00edses en desarrollo y 12 pa\u00edses desarrollados. Tres de estos espacios para pa\u00edses en desarrollo est\u00e1n destinados a Am\u00e9rica Latina y el Caribe y uno de esos espacios ser\u00e1 representado por Ecuador durante el 2014.<a href=\"http:\/\/www.ambienteyenergia.gob.ec\/ambiente\/wp-content\/uploads\/2014\/02\/Viceministra-en-Indonesia-2.jpg\"><img loading=\"lazy\" decoding=\"async\" class=\"aligncenter size-full wp-image-18445\" alt=\"Viceministra en Indonesia 2\" src=\"http:\/\/www.ambienteyenergia.gob.ec\/ambiente\/wp-content\/uploads\/2014\/02\/Viceministra-en-Indonesia-2.jpg\" width=\"411\" height=\"251\" srcset=\"https:\/\/www.ambienteyenergia.gob.ec\/ambiente\/wp-content\/uploads\/sites\/2\/2014\/02\/Viceministra-en-Indonesia-2.jpg 411w, https:\/\/www.ambienteyenergia.gob.ec\/ambiente\/wp-content\/uploads\/sites\/2\/2014\/02\/Viceministra-en-Indonesia-2-300x183.jpg 300w\" sizes=\"auto, (max-width: 411px) 100vw, 411px\" \/><\/a> <a href=\"http:\/\/www.ambienteyenergia.gob.ec\/ambiente\/wp-content\/uploads\/2014\/02\/Viceministra-en-Indonesia-3.jpg\"><img loading=\"lazy\" decoding=\"async\" class=\"aligncenter size-large wp-image-18446\" alt=\"Viceministra en Indonesia 3\" src=\"http:\/\/www.ambienteyenergia.gob.ec\/ambiente\/wp-content\/uploads\/2014\/02\/Viceministra-en-Indonesia-3.jpg\" width=\"258\" height=\"194\" \/><\/a><\/p>\n","protected":false},"excerpt":{"rendered":"<p class=\"excerpt\">La Viceministra del Ambiente, M\u00f3nica Hidalgo, participa en la sexta sesi\u00f3n de la Junta Ejecutiva del Fondo Verde Clim\u00e1tico, que se desarrolla del 19 al 21 de febrero en Bali, en la Rep\u00fablica de Indonesia. El objetivo de la visita oficial fue alinear el trabajo del Ecuador a los principios establecidos por la Convenci\u00f3n Marco de Naciones Unidas sobre el&hellip; <a href=\"https:\/\/www.ambienteyenergia.gob.ec\/ambiente\/ecuador-participa-en-la-sexta-sesion-de-la-junta-ejecutiva-del-fondo-verde-climatico-en-indonesia\/\">Read more &rarr;<\/a><\/p>\n","protected":false},"author":13,"featured_media":18447,"comment_status":"open","ping_status":"open","sticky":false,"template":"","format":"standard","meta":{"footnotes":""},"categories":[16,4],"tags":[133,410,53,409],"class_list":["post-18444","post","type-post","status-publish","format-standard","has-post-thumbnail","hentry","category-comunicamos","category-noticias","tag-cambio-climatico","tag-fondo-verde","tag-mae","tag-viceministra","xfolkentry"],"_links":{"self":[{"href":"https:\/\/www.ambienteyenergia.gob.ec\/ambiente\/wp-json\/wp\/v2\/posts\/18444","targetHints":{"allow":["GET"]}}],"collection":[{"href":"https:\/\/www.ambienteyenergia.gob.ec\/ambiente\/wp-json\/wp\/v2\/posts"}],"about":[{"href":"https:\/\/www.ambienteyenergia.gob.ec\/ambiente\/wp-json\/wp\/v2\/types\/post"}],"author":[{"embeddable":true,"href":"https:\/\/www.ambienteyenergia.gob.ec\/ambiente\/wp-json\/wp\/v2\/users\/13"}],"replies":[{"embeddable":true,"href":"https:\/\/www.ambienteyenergia.gob.ec\/ambiente\/wp-json\/wp\/v2\/comments?post=18444"}],"version-history":[{"count":0,"href":"https:\/\/www.ambienteyenergia.gob.ec\/ambiente\/wp-json\/wp\/v2\/posts\/18444\/revisions"}],"wp:featuredmedia":[{"embeddable":true,"href":"https:\/\/www.ambienteyenergia.gob.ec\/ambiente\/wp-json\/wp\/v2\/media\/18447"}],"wp:attachment":[{"href":"https:\/\/www.ambienteyenergia.gob.ec\/ambiente\/wp-json\/wp\/v2\/media?parent=18444"}],"wp:term":[{"taxonomy":"category","embeddable":true,"href":"https:\/\/www.ambienteyenergia.gob.ec\/ambiente\/wp-json\/wp\/v2\/categories?post=18444"},{"taxonomy":"post_tag","embeddable":true,"href":"https:\/\/www.ambienteyenergia.gob.ec\/ambiente\/wp-json\/wp\/v2\/tags?post=18444"}],"curies":[{"name":"wp","href":"https:\/\/api.w.org\/{rel}","templated":true}]}}