{"id":18437,"date":"2014-02-21T15:50:18","date_gmt":"2014-02-21T20:50:18","guid":{"rendered":"http:\/\/www.ambiente.gob.ec\/?p=18437"},"modified":"2014-03-05T09:05:39","modified_gmt":"2014-03-05T14:05:39","slug":"la-chocolatera-la-punta-mas-saliente-de-la-costa-ecuatoriana","status":"publish","type":"post","link":"https:\/\/www.ambienteyenergia.gob.ec\/ambiente\/la-chocolatera-la-punta-mas-saliente-de-la-costa-ecuatoriana\/","title":{"rendered":"La Chocolatera, la punta m\u00e1s saliente de la costa ecuatoriana"},"content":{"rendered":"<p style=\"text-align: justify;\"><em><strong>Mira el video de La Chocolatera <em><strong>realizado por el MAE\u00a0<\/strong><\/em>dando click <a href=\"https:\/\/www.youtube.com\/watch?v=FLXepq77TtY\">aqu\u00ed<\/a><\/strong><\/em><\/p>\n<p style=\"text-align: justify;\">La Chocolatera, ubicada en la <b>Reserva de Producci\u00f3n Faun\u00edstica Marina Costera Puntilla de Santa Elena<\/b>, es <b>uno de los sitios m\u00e1s visitados<\/b> de la provincia, por la seguridad que le brinda al usuario, sus hermosos paisajes y por ser un sitio de observaci\u00f3n de fauna marina. El a\u00f1o 2013, el \u00e1rea protegida recibi\u00f3 a 115 mil turistas nacionales y extranjeros, y se espera que para el 2014 el turismo sea mayor.<\/p>\n<p style=\"text-align: justify;\">Ariel Vargas, visitante frecuente de \u00e9sta \u00e1rea protegida, comenta que hace mucho tiempo no hab\u00eda visitado La Chocolatera y le sorprende el cambio positivo que ha tenido. \u00abAntes no se encontraba nada de la estructura que vemos aqu\u00ed, y de cierta manera era un sitio peligroso, pero ahora con este tipo de barandales la gente puede observar sin ning\u00fan riesgo\u00bb.<\/p>\n<p style=\"text-align: justify;\">Para que esto sea posible, el <b>Ministerio del Ambiente del Ecuador<\/b> (MAE), gracias al apoyo del Gobierno Nacional, <b>trabaja en la mejora y mantenimiento de su infraestructura<\/b>, con el objetivo de brindar un mejor servicio a los visitantes. Si bien, en el 2013 se inici\u00f3 la construcci\u00f3n de \u00e9sta obra que contempla cinco miradores y senderos ecol\u00f3gicos, en el 2014 se prev\u00e9 implementar un nuevo mirador en el sector de La Lober\u00eda, ubicada en Punta Brava y un sendero m\u00e1s largo, de aproximadamente 2,5 km, que conecte con la playa de Tres Cruces.<\/p>\n<p style=\"text-align: justify;\">Daniel Castillo, Director Provincial del Ambiente de Santa Elena, explic\u00f3 que La Reserva de Producci\u00f3n Faun\u00edstica Puntilla de Santa Elena fue creada en el 2008, pero entr\u00f3 en funcionamiento en el a\u00f1o 2010. \u00ab\u00c9sta es la parte m\u00e1s sobresaliente de la costa ecuatoriana y la segunda en Sudam\u00e9rica\u00bb, mencion\u00f3. Asimismo, asegur\u00f3 que con la implementaci\u00f3n de la infraestructura las visitas tur\u00edsticas incrementaron notablemente.<\/p>\n<p style=\"text-align: justify;\">Antes de la remodelaci\u00f3n de La Chocolatera, las instalaciones no eran las m\u00e1s adecuadas, y no exist\u00eda seguridad para el turista. Actualmente, <b>este sitio cuenta con facilidades tur\u00edsticas<\/b> como senderos, miradores con barandales que garantizan la seguridad del visitante, bater\u00edas sanitarias y cafeter\u00eda.<\/p>\n<p style=\"text-align: justify;\">Adem\u00e1s, el MAE implement\u00f3 <b>cinco miradores<\/b>, entre los que constan <b>El Soplador<\/b>, llamado as\u00ed porque cuando chocan las olas contra las zonas rocosas emiten un sonido parecido al que hace una ballena; <b>La Chocolatera<\/b>, donde se forman m\u00faltiples remolinos de agua provocados por las olas que colisionan desde diferentes direcciones; <b>El Gaviot\u00edn<\/b>, nombrado as\u00ed porque en la \u00e9poca m\u00e1s caliente del a\u00f1o llegan varias especies de gaviotas a posarse en el lugar;\u00a0 <b>El Faro,<\/b> el \u00fanico que tiene un sendero iluminado que conecta adem\u00e1s con la cafeter\u00eda. Y finalmente, <b>La Puntilla, <\/b>que es la punta m\u00e1s saliente que posee el Ecuador y desde donde se toma como referencia para medir el territorio mar\u00edtimo que pertenece al pa\u00eds.<\/p>\n<p style=\"text-align: justify;\">Diego Alb\u00e1n, turista nacional, expres\u00f3 su\u00a0 satisfacci\u00f3n al observar los avances realizados en el sector. \u00abConsidero que \u00e9sta es una excelente obra porque es un im\u00e1n para atraer a nuevos turistas\u00bb, afirm\u00f3.<\/p>\n<p style=\"text-align: justify;\">La nueva infraestructura de la Reserva tiene un dise\u00f1o ecol\u00f3gico que guarda armon\u00eda con la naturaleza, es un sitio de visitaci\u00f3n y observaci\u00f3n tur\u00edstica, que permite al usuario estar m\u00e1s cerca de la fauna marina, pero priorizando su bienestar.<\/p>\n<p style=\"text-align: justify;\">Para este a\u00f1o, esta Cartera de Estado continuar\u00e1 con el mantenimiento de la infraestructura y la construcci\u00f3n de proyectos que brinden m\u00e1s comodidades al turista, como parqueaderos para autos y bicicletas, y senderos m\u00e1s extensos. La finalidad es proporcionar a los habitantes y turistas, espacios de \u00e1reas verdes para la recreaci\u00f3n, diversi\u00f3n y contacto con la naturaleza, usando sustentablemente los recursos naturales que tenemos.<\/p>\n<p style=\"text-align: justify;\"><strong>\u00bfC\u00f3mo llegar?<\/strong><\/p>\n<p style=\"text-align: justify;\">El ingreso y \u00fanico acceso a la Chocolatera es por la garita de la Base Naval en Salinas, a partir de all\u00ed, son 3,5 km de distancia para llegar a la Reserva de Producci\u00f3n de Fauna Marino y Costera Puntilla de Santa Elena.<\/p>\n<p style=\"text-align: justify;\"><strong>Datos importantes<\/strong><\/p>\n<p style=\"text-align: justify;\">En La Chocolatera habitan cerca de 50 especies marinas y de bosque seco, migratorias y no migratorias, entre ellas, peces, crust\u00e1ceos, aves, colonias de lobos, ballenas.<\/p>\n<p style=\"text-align: justify;\">Los meses m\u00e1s visitados son junio, julio y agosto, porque en estas fechas las ballenas jorobadas acuden a este lugar para aparearse, brindando un espect\u00e1culo a los turistas.<\/p>\n<p style=\"text-align: justify;\">Los visitantes no pueden ingresar al mar en esta reserva, pues es una zona muy peligrosa, su dise\u00f1o es para observaci\u00f3n y visitaci\u00f3n tur\u00edstica.<\/p>\n","protected":false},"excerpt":{"rendered":"<p class=\"excerpt\">Mira el video de La Chocolatera realizado por el MAE\u00a0dando click aqu\u00ed La Chocolatera, ubicada en la Reserva de Producci\u00f3n Faun\u00edstica Marina Costera Puntilla de Santa Elena, es uno de los sitios m\u00e1s visitados de la provincia, por la seguridad que le brinda al usuario, sus hermosos paisajes y por ser un sitio de observaci\u00f3n de fauna marina. El a\u00f1o&hellip; <a href=\"https:\/\/www.ambienteyenergia.gob.ec\/ambiente\/la-chocolatera-la-punta-mas-saliente-de-la-costa-ecuatoriana\/\">Read more &rarr;<\/a><\/p>\n","protected":false},"author":13,"featured_media":18438,"comment_status":"open","ping_status":"open","sticky":false,"template":"","format":"standard","meta":{"footnotes":""},"categories":[16,4],"tags":[],"class_list":["post-18437","post","type-post","status-publish","format-standard","has-post-thumbnail","hentry","category-comunicamos","category-noticias","xfolkentry"],"_links":{"self":[{"href":"https:\/\/www.ambienteyenergia.gob.ec\/ambiente\/wp-json\/wp\/v2\/posts\/18437","targetHints":{"allow":["GET"]}}],"collection":[{"href":"https:\/\/www.ambienteyenergia.gob.ec\/ambiente\/wp-json\/wp\/v2\/posts"}],"about":[{"href":"https:\/\/www.ambienteyenergia.gob.ec\/ambiente\/wp-json\/wp\/v2\/types\/post"}],"author":[{"embeddable":true,"href":"https:\/\/www.ambienteyenergia.gob.ec\/ambiente\/wp-json\/wp\/v2\/users\/13"}],"replies":[{"embeddable":true,"href":"https:\/\/www.ambienteyenergia.gob.ec\/ambiente\/wp-json\/wp\/v2\/comments?post=18437"}],"version-history":[{"count":0,"href":"https:\/\/www.ambienteyenergia.gob.ec\/ambiente\/wp-json\/wp\/v2\/posts\/18437\/revisions"}],"wp:featuredmedia":[{"embeddable":true,"href":"https:\/\/www.ambienteyenergia.gob.ec\/ambiente\/wp-json\/wp\/v2\/media\/18438"}],"wp:attachment":[{"href":"https:\/\/www.ambienteyenergia.gob.ec\/ambiente\/wp-json\/wp\/v2\/media?parent=18437"}],"wp:term":[{"taxonomy":"category","embeddable":true,"href":"https:\/\/www.ambienteyenergia.gob.ec\/ambiente\/wp-json\/wp\/v2\/categories?post=18437"},{"taxonomy":"post_tag","embeddable":true,"href":"https:\/\/www.ambienteyenergia.gob.ec\/ambiente\/wp-json\/wp\/v2\/tags?post=18437"}],"curies":[{"name":"wp","href":"https:\/\/api.w.org\/{rel}","templated":true}]}}