{"id":18423,"date":"2014-02-21T10:50:01","date_gmt":"2014-02-21T15:50:01","guid":{"rendered":"http:\/\/www.ambiente.gob.ec\/?p=18423"},"modified":"2014-02-21T11:30:00","modified_gmt":"2014-02-21T16:30:00","slug":"mae-realizo-minga-en-el-centro-educativo-intercultural-bilingue-el-oro","status":"publish","type":"post","link":"https:\/\/www.ambienteyenergia.gob.ec\/ambiente\/mae-realizo-minga-en-el-centro-educativo-intercultural-bilingue-el-oro\/","title":{"rendered":"MAE realiz\u00f3 minga en el Centro Educativo Intercultural Biling\u00fce \u201cEl Oro\u201d"},"content":{"rendered":"<p style=\"text-align: justify;\">Ayer, la Direcci\u00f3n Provincial del Ambiente de Imbabura, en coordinaci\u00f3n con la Escuela Comunitaria Intercultural Biling\u00fce \u201cEl Oro\u201d ubicada en la comunidad el Morlan, cant\u00f3n Cotacachi, trabajaron en una minga enfocada en el cuidado ambiental y mantenimiento de los espacios verdes del centro educativo.<\/p>\n<p style=\"text-align: justify;\">En esta minga participaron al rededor de 100 ni\u00f1as y ni\u00f1os con el apoyo de t\u00e9cnicos de la Reserva Ecol\u00f3gica Cotacachi Cayapas del Distrito Cuicocha, quienes construyeron jardineras, adem\u00e1s, se limpi\u00f3 el terreno y sembraron plantas ornamentales.<\/p>\n<p style=\"text-align: justify;\">El Ministerio del Ambiente como M\u00e1xima Autoridad Ambiental est\u00e1 comprometido con estas iniciativas, a fin de proporcionar espacios verdes rehabilitados para los ciudadanos, a trav\u00e9s de la aplicaci\u00f3n de estrategias que enfrenten el da\u00f1o de los ecosistemas y promueva la educaci\u00f3n ambiental.<\/p>\n<p style=\"text-align: justify;\"><strong>El dato<\/strong><\/p>\n<p style=\"text-align: justify;\">La educaci\u00f3n ambiental es un proceso que se basa en la reflexi\u00f3n y an\u00e1lisis de la realidad ambiental a trav\u00e9s del cual un individuo y un grupo puede llegar a apropiarse y defender su entorno o ecosistema, aportando al equilibrio y la conservaci\u00f3n de la diversidad biol\u00f3gica, con lo que se puede garantizar una mejor calidad de vida para las generaciones actuales y futuras.<\/p>\n","protected":false},"excerpt":{"rendered":"<p class=\"excerpt\">Ayer, la Direcci\u00f3n Provincial del Ambiente de Imbabura, en coordinaci\u00f3n con la Escuela Comunitaria Intercultural Biling\u00fce \u201cEl Oro\u201d ubicada en la comunidad el Morlan, cant\u00f3n Cotacachi, trabajaron en una minga enfocada en el cuidado ambiental y mantenimiento de los espacios verdes del centro educativo. En esta minga participaron al rededor de 100 ni\u00f1as y ni\u00f1os con el apoyo de t\u00e9cnicos&hellip; <a href=\"https:\/\/www.ambienteyenergia.gob.ec\/ambiente\/mae-realizo-minga-en-el-centro-educativo-intercultural-bilingue-el-oro\/\">Read more &rarr;<\/a><\/p>\n","protected":false},"author":13,"featured_media":18424,"comment_status":"open","ping_status":"open","sticky":false,"template":"","format":"standard","meta":{"footnotes":""},"categories":[16,4],"tags":[],"class_list":["post-18423","post","type-post","status-publish","format-standard","has-post-thumbnail","hentry","category-comunicamos","category-noticias","xfolkentry"],"_links":{"self":[{"href":"https:\/\/www.ambienteyenergia.gob.ec\/ambiente\/wp-json\/wp\/v2\/posts\/18423","targetHints":{"allow":["GET"]}}],"collection":[{"href":"https:\/\/www.ambienteyenergia.gob.ec\/ambiente\/wp-json\/wp\/v2\/posts"}],"about":[{"href":"https:\/\/www.ambienteyenergia.gob.ec\/ambiente\/wp-json\/wp\/v2\/types\/post"}],"author":[{"embeddable":true,"href":"https:\/\/www.ambienteyenergia.gob.ec\/ambiente\/wp-json\/wp\/v2\/users\/13"}],"replies":[{"embeddable":true,"href":"https:\/\/www.ambienteyenergia.gob.ec\/ambiente\/wp-json\/wp\/v2\/comments?post=18423"}],"version-history":[{"count":0,"href":"https:\/\/www.ambienteyenergia.gob.ec\/ambiente\/wp-json\/wp\/v2\/posts\/18423\/revisions"}],"wp:featuredmedia":[{"embeddable":true,"href":"https:\/\/www.ambienteyenergia.gob.ec\/ambiente\/wp-json\/wp\/v2\/media\/18424"}],"wp:attachment":[{"href":"https:\/\/www.ambienteyenergia.gob.ec\/ambiente\/wp-json\/wp\/v2\/media?parent=18423"}],"wp:term":[{"taxonomy":"category","embeddable":true,"href":"https:\/\/www.ambienteyenergia.gob.ec\/ambiente\/wp-json\/wp\/v2\/categories?post=18423"},{"taxonomy":"post_tag","embeddable":true,"href":"https:\/\/www.ambienteyenergia.gob.ec\/ambiente\/wp-json\/wp\/v2\/tags?post=18423"}],"curies":[{"name":"wp","href":"https:\/\/api.w.org\/{rel}","templated":true}]}}