{"id":18419,"date":"2014-02-21T09:25:04","date_gmt":"2014-02-21T14:25:04","guid":{"rendered":"http:\/\/www.ambiente.gob.ec\/?p=18419"},"modified":"2014-02-21T11:27:09","modified_gmt":"2014-02-21T16:27:09","slug":"mae-capacita-en-taller-de-regularizacion-ambiental-y-gestion-de-desechos-peligrosos-a-la-empresa-electrica-regional-norte-s-a-emelnorte","status":"publish","type":"post","link":"https:\/\/www.ambienteyenergia.gob.ec\/ambiente\/mae-capacita-en-taller-de-regularizacion-ambiental-y-gestion-de-desechos-peligrosos-a-la-empresa-electrica-regional-norte-s-a-emelnorte\/","title":{"rendered":"MAE capacita en Taller de Regularizaci\u00f3n Ambiental y Gesti\u00f3n de Desechos Peligrosos a la Empresa El\u00e9ctrica Regional Norte S.A Emelnorte"},"content":{"rendered":"<p style=\"text-align: justify;\">Ayer, la Direcci\u00f3n Provincial del Ambiente de Imbabura, a trav\u00e9s de la Unidad de Calidad Ambiental, imparti\u00f3 un Taller de \u201cRegularizaci\u00f3n, sobre el nuevo Sistema de Categorizaci\u00f3n Nacional y gesti\u00f3n de desechos peligrosos\u201d, al personal de la Empresa El\u00e9ctrica Regional Norte S.A. EMELNORTE.<\/p>\n<p style=\"text-align: justify;\">Como parte de este encuentro se form\u00f3 una mesa de trabajo con miembros de la instituci\u00f3n, a fin de aportar en el desarrollo y cumplimiento de los derechos ambientales.<\/p>\n<p style=\"text-align: justify;\">El Ministerio del Ambiente del Ecuador (MAE) brinda toda la apertura para impartir charlas, talleres y capacitaciones ejerciendo en forma eficaz y eficiente la legislaci\u00f3n\u00a0 vigente en el Ecuador, con el prop\u00f3sito de solucionar los problemas ambientales y promover la mejora continua en todos los procesos productivos, mitigando la contaminaci\u00f3n.<\/p>\n<p style=\"text-align: justify;\"><strong>El dato<\/strong><\/p>\n<p style=\"text-align: justify;\">La Empresa El\u00e9ctrica Regional Norte S.A Emelnorte es distribuidora y comercializadora de energ\u00eda regional en Ecuador. Provee de energia a las provincias de Carchi, Imbabura y Pichincha entre otras, manteniendo aproximadamente a un 80% de la poblaci\u00f3n con electricidad.<\/p>\n","protected":false},"excerpt":{"rendered":"<p class=\"excerpt\">Ayer, la Direcci\u00f3n Provincial del Ambiente de Imbabura, a trav\u00e9s de la Unidad de Calidad Ambiental, imparti\u00f3 un Taller de \u201cRegularizaci\u00f3n, sobre el nuevo Sistema de Categorizaci\u00f3n Nacional y gesti\u00f3n de desechos peligrosos\u201d, al personal de la Empresa El\u00e9ctrica Regional Norte S.A. EMELNORTE. Como parte de este encuentro se form\u00f3 una mesa de trabajo con miembros de la instituci\u00f3n, a&hellip; <a href=\"https:\/\/www.ambienteyenergia.gob.ec\/ambiente\/mae-capacita-en-taller-de-regularizacion-ambiental-y-gestion-de-desechos-peligrosos-a-la-empresa-electrica-regional-norte-s-a-emelnorte\/\">Read more &rarr;<\/a><\/p>\n","protected":false},"author":13,"featured_media":18420,"comment_status":"open","ping_status":"open","sticky":false,"template":"","format":"standard","meta":{"footnotes":""},"categories":[16,4],"tags":[],"class_list":["post-18419","post","type-post","status-publish","format-standard","has-post-thumbnail","hentry","category-comunicamos","category-noticias","xfolkentry"],"_links":{"self":[{"href":"https:\/\/www.ambienteyenergia.gob.ec\/ambiente\/wp-json\/wp\/v2\/posts\/18419","targetHints":{"allow":["GET"]}}],"collection":[{"href":"https:\/\/www.ambienteyenergia.gob.ec\/ambiente\/wp-json\/wp\/v2\/posts"}],"about":[{"href":"https:\/\/www.ambienteyenergia.gob.ec\/ambiente\/wp-json\/wp\/v2\/types\/post"}],"author":[{"embeddable":true,"href":"https:\/\/www.ambienteyenergia.gob.ec\/ambiente\/wp-json\/wp\/v2\/users\/13"}],"replies":[{"embeddable":true,"href":"https:\/\/www.ambienteyenergia.gob.ec\/ambiente\/wp-json\/wp\/v2\/comments?post=18419"}],"version-history":[{"count":0,"href":"https:\/\/www.ambienteyenergia.gob.ec\/ambiente\/wp-json\/wp\/v2\/posts\/18419\/revisions"}],"wp:featuredmedia":[{"embeddable":true,"href":"https:\/\/www.ambienteyenergia.gob.ec\/ambiente\/wp-json\/wp\/v2\/media\/18420"}],"wp:attachment":[{"href":"https:\/\/www.ambienteyenergia.gob.ec\/ambiente\/wp-json\/wp\/v2\/media?parent=18419"}],"wp:term":[{"taxonomy":"category","embeddable":true,"href":"https:\/\/www.ambienteyenergia.gob.ec\/ambiente\/wp-json\/wp\/v2\/categories?post=18419"},{"taxonomy":"post_tag","embeddable":true,"href":"https:\/\/www.ambienteyenergia.gob.ec\/ambiente\/wp-json\/wp\/v2\/tags?post=18419"}],"curies":[{"name":"wp","href":"https:\/\/api.w.org\/{rel}","templated":true}]}}