{"id":18416,"date":"2014-02-21T09:20:48","date_gmt":"2014-02-21T14:20:48","guid":{"rendered":"http:\/\/www.ambiente.gob.ec\/?p=18416"},"modified":"2014-02-21T11:10:09","modified_gmt":"2014-02-21T16:10:09","slug":"mae-contribuye-al-cambio-de-matriz-energetica-con-proyecto-analisis-de-la-vulnerabilidad-de-centrales-hidroelectricas-emblematicas-ante-los-efectos-del-cambio-climatico","status":"publish","type":"post","link":"https:\/\/www.ambienteyenergia.gob.ec\/ambiente\/mae-contribuye-al-cambio-de-matriz-energetica-con-proyecto-analisis-de-la-vulnerabilidad-de-centrales-hidroelectricas-emblematicas-ante-los-efectos-del-cambio-climatico\/","title":{"rendered":"MAE contribuye al cambio de matriz energ\u00e9tica con proyecto \u201cAn\u00e1lisis de la vulnerabilidad de centrales hidroel\u00e9ctricas emblem\u00e1ticas ante los efectos del cambio clim\u00e1tico\u201d"},"content":{"rendered":"<p style=\"text-align: justify;\">Teniendo en cuenta que el cambio clim\u00e1tico es un importante factor de an\u00e1lisis que influye en la generaci\u00f3n de energ\u00eda hidroel\u00e9ctrica por las posibles variaciones e impactos en los sistemas h\u00eddricos, el Ministerio del Ambiente (MAE), a trav\u00e9s de la Subsecretar\u00eda de Cambio Clim\u00e1tico y la Direcci\u00f3n Nacional de Adaptaci\u00f3n al Cambio Clim\u00e1tico, es la instituci\u00f3n responsable de la implementaci\u00f3n del proyecto que busca analizar la vulnerabilidad ante el cambio clim\u00e1tico de ocho centrales hidroel\u00e9ctricas y una multiprop\u00f3sito, y de proponer medidas para minimizar eventuales reducciones de producci\u00f3n hidroel\u00e9ctrica a nivel de cuencas hidrogr\u00e1ficas.<\/p>\n<p style=\"text-align: justify;\">El proyecto \u201can\u00e1lisis de la vulnerabilidad de centrales hidroel\u00e9ctricas emblem\u00e1ticas ante los efectos del cambio clim\u00e1tico\u201d es un proyecto de suma importancia para el Ecuador, debido a que el sector hidroel\u00e9ctrico es uno de los m\u00e1s susceptibles. El aumento en eventos extremos, inundaciones, sequ\u00edas, erosi\u00f3n y sedimentaci\u00f3n de los r\u00edos podr\u00edan producir una reducci\u00f3n de energ\u00eda y un incremento de la variabilidad e incertidumbre en la generaci\u00f3n hidroel\u00e9ctrica, y de esta forma disminuir en un 27% la producci\u00f3n de energ\u00eda de las centrales hidroel\u00e9ctricas mayores como Paute, adem\u00e1s, el aporte h\u00eddrico podr\u00eda reducirse hasta en un 75% en relaci\u00f3n al actual.<\/p>\n<p style=\"text-align: justify;\">Por ello, en base a la informaci\u00f3n generada, se capacitar\u00e1 a los actores involucrados en las medidas de adaptaci\u00f3n al cambio clim\u00e1tico que se aplicar\u00e1n en las siete subcuencas del proyecto.<\/p>\n<p style=\"text-align: justify;\">La ejecuci\u00f3n inicia en este a\u00f1o y termina a finales del 2015 (2014-2015), con un monto total de $1.880.605. El estudio se realizar\u00e1 en las subcuencas de los r\u00edos Zamora, Minas, Paute, Coca, Blanco, Guayllabamba y Vinces, ubicados en las provincias Zamora Chinchipe, Azuay, Morona Santiago, Ca\u00f1ar, Napo, Pichincha, Santo Domingo, Cotopaxi, Sucumb\u00edos, Imbabura y los R\u00edos.<\/p>\n<p style=\"text-align: justify;\">En este importante proyecto participar\u00e1n varias instituciones como los ministerios del Ambiente, Coordinador de Sectores Estrat\u00e9gicos, de Electricidad y Energ\u00eda Renovable; Secretar\u00eda del Agua (SENAGUA); Instituto Nacional de Meteorolog\u00eda e Hidrolog\u00eda; Corporaci\u00f3n El\u00e9ctrica del Ecuador; Hidrotoapi; HidroEquinoccio; Coca-Codo Sinclair; Consejo Nacional de Electricidad; y el Instituto Nacional de Eficiencia Energ\u00e9tica y Energ\u00edas Renovables.<\/p>\n","protected":false},"excerpt":{"rendered":"<p class=\"excerpt\">Teniendo en cuenta que el cambio clim\u00e1tico es un importante factor de an\u00e1lisis que influye en la generaci\u00f3n de energ\u00eda hidroel\u00e9ctrica por las posibles variaciones e impactos en los sistemas h\u00eddricos, el Ministerio del Ambiente (MAE), a trav\u00e9s de la Subsecretar\u00eda de Cambio Clim\u00e1tico y la Direcci\u00f3n Nacional de Adaptaci\u00f3n al Cambio Clim\u00e1tico, es la instituci\u00f3n responsable de la implementaci\u00f3n&hellip; <a href=\"https:\/\/www.ambienteyenergia.gob.ec\/ambiente\/mae-contribuye-al-cambio-de-matriz-energetica-con-proyecto-analisis-de-la-vulnerabilidad-de-centrales-hidroelectricas-emblematicas-ante-los-efectos-del-cambio-climatico\/\">Read more &rarr;<\/a><\/p>\n","protected":false},"author":13,"featured_media":18417,"comment_status":"open","ping_status":"open","sticky":false,"template":"","format":"standard","meta":{"footnotes":""},"categories":[16,4],"tags":[],"class_list":["post-18416","post","type-post","status-publish","format-standard","has-post-thumbnail","hentry","category-comunicamos","category-noticias","xfolkentry"],"_links":{"self":[{"href":"https:\/\/www.ambienteyenergia.gob.ec\/ambiente\/wp-json\/wp\/v2\/posts\/18416","targetHints":{"allow":["GET"]}}],"collection":[{"href":"https:\/\/www.ambienteyenergia.gob.ec\/ambiente\/wp-json\/wp\/v2\/posts"}],"about":[{"href":"https:\/\/www.ambienteyenergia.gob.ec\/ambiente\/wp-json\/wp\/v2\/types\/post"}],"author":[{"embeddable":true,"href":"https:\/\/www.ambienteyenergia.gob.ec\/ambiente\/wp-json\/wp\/v2\/users\/13"}],"replies":[{"embeddable":true,"href":"https:\/\/www.ambienteyenergia.gob.ec\/ambiente\/wp-json\/wp\/v2\/comments?post=18416"}],"version-history":[{"count":0,"href":"https:\/\/www.ambienteyenergia.gob.ec\/ambiente\/wp-json\/wp\/v2\/posts\/18416\/revisions"}],"wp:featuredmedia":[{"embeddable":true,"href":"https:\/\/www.ambienteyenergia.gob.ec\/ambiente\/wp-json\/wp\/v2\/media\/18417"}],"wp:attachment":[{"href":"https:\/\/www.ambienteyenergia.gob.ec\/ambiente\/wp-json\/wp\/v2\/media?parent=18416"}],"wp:term":[{"taxonomy":"category","embeddable":true,"href":"https:\/\/www.ambienteyenergia.gob.ec\/ambiente\/wp-json\/wp\/v2\/categories?post=18416"},{"taxonomy":"post_tag","embeddable":true,"href":"https:\/\/www.ambienteyenergia.gob.ec\/ambiente\/wp-json\/wp\/v2\/tags?post=18416"}],"curies":[{"name":"wp","href":"https:\/\/api.w.org\/{rel}","templated":true}]}}