{"id":18413,"date":"2014-02-21T09:04:36","date_gmt":"2014-02-21T14:04:36","guid":{"rendered":"http:\/\/www.ambiente.gob.ec\/?p=18413"},"modified":"2014-02-21T11:00:25","modified_gmt":"2014-02-21T16:00:25","slug":"ecuador-participara-en-foro-de-las-naciones-unidas-sobre-bosques","status":"publish","type":"post","link":"https:\/\/www.ambienteyenergia.gob.ec\/ambiente\/ecuador-participara-en-foro-de-las-naciones-unidas-sobre-bosques\/","title":{"rendered":"Ecuador participar\u00e1 en Foro de las Naciones Unidas sobre bosques"},"content":{"rendered":"<p style=\"text-align: justify;\">El Ministerio del Ambiente del Ecuador (MAE) participar\u00e1 en el Foro de las Naciones Unidas sobre los Bosques (FNUB), que se desarrollar\u00e1 desde este 24 al 28 de febrero del a\u00f1o en curso, en la ciudad de Nairobi, Kenia. La cita tiene como principal objetivo concretar el primer acuerdo internacional sobre los bosques (AIB) mediante un grupo especial intergubernamental de expertos y representantes mundiales.<\/p>\n<p style=\"text-align: justify;\">El Subsecretario de Patrimonio Natural del MAE, Christian Ter\u00e1n, asistir\u00e1 al encuentro internacional como representante de esta Cartera de Estado y del pa\u00eds en el sector ambiental. Durante las sesiones se evaluar\u00e1n las recomendaciones y la direcci\u00f3n estrat\u00e9gica del acuerdo internacional sobre los bosques basados en la gesti\u00f3n de desarrollo sostenible.<\/p>\n<p style=\"text-align: justify;\">El Foro de las Naciones Unidas sobre los Bosques (FNUB) y la Asociaci\u00f3n de Colaboraci\u00f3n en materia de Bosques (ACB) son las estructuras internacionales actuales respecto al manejo los bosques. Estas instancias pretenden reforzar el compromiso pol\u00edtico a largo plazo para la ordenaci\u00f3n y la manejo sostenible de los bosques en los pa\u00edses.<\/p>\n<p style=\"text-align: justify;\">Durante el FNUB se podr\u00e1n elegir dos Copresidentes dentro del grupo especial intergubernamental. La actual sesi\u00f3n de este Fondo es la onceava. En la pasada d\u00e9cima sesi\u00f3n se acord\u00f3 establecer un grupo abierto intergubernamental para la definici\u00f3n del acuerdo internacional sobre bosques.<\/p>\n<p style=\"text-align: justify;\">En el Ecuador, el Ministerio del Ambiente como ente rector del sector ambiental promueve una serie de estrategias que impulsan el manejo sostenible de los bosques y los ecosistemas vivos, los cuales se contemplan en la actual Pol\u00edtica de Gobernanza del Patrimonio Natural.<\/p>\n<p style=\"text-align: justify;\">Dicha pol\u00edtica de Gobernanza pretende impulsar una convivencia arm\u00f3nica de los recursos naturales y los ciudadanos. Entre las estrategias se encuentran la inserci\u00f3n de la biodiversidad y los bosques en la din\u00e1mica econ\u00f3mica del pa\u00eds; la recuperaci\u00f3n hist\u00f3rica de las \u00e1reas protegidas ecuatorianas; la conservaci\u00f3n los bosques nativos con el Programa Socio Bosque y un manejo forestal responsable.<\/p>\n","protected":false},"excerpt":{"rendered":"<p class=\"excerpt\">El Ministerio del Ambiente del Ecuador (MAE) participar\u00e1 en el Foro de las Naciones Unidas sobre los Bosques (FNUB), que se desarrollar\u00e1 desde este 24 al 28 de febrero del a\u00f1o en curso, en la ciudad de Nairobi, Kenia. La cita tiene como principal objetivo concretar el primer acuerdo internacional sobre los bosques (AIB) mediante un grupo especial intergubernamental de&hellip; <a href=\"https:\/\/www.ambienteyenergia.gob.ec\/ambiente\/ecuador-participara-en-foro-de-las-naciones-unidas-sobre-bosques\/\">Read more &rarr;<\/a><\/p>\n","protected":false},"author":13,"featured_media":18414,"comment_status":"open","ping_status":"open","sticky":false,"template":"","format":"standard","meta":{"footnotes":""},"categories":[16,4],"tags":[],"class_list":["post-18413","post","type-post","status-publish","format-standard","has-post-thumbnail","hentry","category-comunicamos","category-noticias","xfolkentry"],"_links":{"self":[{"href":"https:\/\/www.ambienteyenergia.gob.ec\/ambiente\/wp-json\/wp\/v2\/posts\/18413","targetHints":{"allow":["GET"]}}],"collection":[{"href":"https:\/\/www.ambienteyenergia.gob.ec\/ambiente\/wp-json\/wp\/v2\/posts"}],"about":[{"href":"https:\/\/www.ambienteyenergia.gob.ec\/ambiente\/wp-json\/wp\/v2\/types\/post"}],"author":[{"embeddable":true,"href":"https:\/\/www.ambienteyenergia.gob.ec\/ambiente\/wp-json\/wp\/v2\/users\/13"}],"replies":[{"embeddable":true,"href":"https:\/\/www.ambienteyenergia.gob.ec\/ambiente\/wp-json\/wp\/v2\/comments?post=18413"}],"version-history":[{"count":0,"href":"https:\/\/www.ambienteyenergia.gob.ec\/ambiente\/wp-json\/wp\/v2\/posts\/18413\/revisions"}],"wp:featuredmedia":[{"embeddable":true,"href":"https:\/\/www.ambienteyenergia.gob.ec\/ambiente\/wp-json\/wp\/v2\/media\/18414"}],"wp:attachment":[{"href":"https:\/\/www.ambienteyenergia.gob.ec\/ambiente\/wp-json\/wp\/v2\/media?parent=18413"}],"wp:term":[{"taxonomy":"category","embeddable":true,"href":"https:\/\/www.ambienteyenergia.gob.ec\/ambiente\/wp-json\/wp\/v2\/categories?post=18413"},{"taxonomy":"post_tag","embeddable":true,"href":"https:\/\/www.ambienteyenergia.gob.ec\/ambiente\/wp-json\/wp\/v2\/tags?post=18413"}],"curies":[{"name":"wp","href":"https:\/\/api.w.org\/{rel}","templated":true}]}}