{"id":18396,"date":"2014-02-20T16:12:37","date_gmt":"2014-02-20T21:12:37","guid":{"rendered":"http:\/\/www.ambiente.gob.ec\/?p=18396"},"modified":"2014-02-20T16:48:08","modified_gmt":"2014-02-20T21:48:08","slug":"aguila-perdicera-es-rescatada-en-esmeraldas","status":"publish","type":"post","link":"https:\/\/www.ambienteyenergia.gob.ec\/ambiente\/aguila-perdicera-es-rescatada-en-esmeraldas\/","title":{"rendered":"\u00c1guila perdicera es rescatada en Esmeraldas"},"content":{"rendered":"<p style=\"text-align: justify;\">Ayer, el Ministerio del Ambiente del Ecuador (MAE), en coordinaci\u00f3n con la Unidad de Protecci\u00f3n del Medio Ambiente (UPMA) de la Polic\u00eda Nacional, rescat\u00f3 a un \u00e1guila perdicera (\u00c1guila Fasciata) en la provincia de Esmeraldas. Esto tras una denuncia telef\u00f3nica receptada por el ECU-911, en la que se informaba sobre la presencia del esp\u00e9cimen en el sector de S\u00faa.<\/p>\n<p style=\"text-align: justify;\">T\u00e9cnicos del MAE, luego de conocer la noticia se movilizaron r\u00e1pidamente al lugar para verificar las condiciones en las que se encontraba el animal. El esp\u00e9cimen fue hallado en poder de Marlon Llerena, quien manifest\u00f3 que hab\u00eda encontrado al ave cerca de su domicilio.<\/p>\n<p style=\"text-align: justify;\">Luego, de examinar al \u00e1guila se determin\u00f3 que pose\u00eda un excelente estado f\u00edsico. Asimismo, se identific\u00f3 gracias y su color de pelaje y otras caracter\u00edsticas, que su edad es de aproximadamente seis meses.<\/p>\n<p style=\"text-align: justify;\">Hoy, el ejemplar fue trasladado al Bosque Protector \u00abLa Perla\u00bb, lugar que cuenta con personal especializado para el cuidado de este tipo de aves. All\u00ed, permanecer\u00e1 en un per\u00edodo de cuarentena en el que ser\u00e1 monitoreado para asegurar que no posea ning\u00fan problema f\u00edsico. Luego de este proceso de evaluaci\u00f3n, el ave podr\u00e1 regresar a su h\u00e1bitat natural.<\/p>\n<p style=\"text-align: justify;\">El Ministerio del Ambiente, como principal autoridad ambiental, velar\u00e1 por el bienestar de \u00e9sta especie y estar\u00e1 pendiente de su reinserci\u00f3n.<\/p>\n","protected":false},"excerpt":{"rendered":"<p class=\"excerpt\">Ayer, el Ministerio del Ambiente del Ecuador (MAE), en coordinaci\u00f3n con la Unidad de Protecci\u00f3n del Medio Ambiente (UPMA) de la Polic\u00eda Nacional, rescat\u00f3 a un \u00e1guila perdicera (\u00c1guila Fasciata) en la provincia de Esmeraldas. Esto tras una denuncia telef\u00f3nica receptada por el ECU-911, en la que se informaba sobre la presencia del esp\u00e9cimen en el sector de S\u00faa. T\u00e9cnicos&hellip; <a href=\"https:\/\/www.ambienteyenergia.gob.ec\/ambiente\/aguila-perdicera-es-rescatada-en-esmeraldas\/\">Read more &rarr;<\/a><\/p>\n","protected":false},"author":13,"featured_media":18398,"comment_status":"open","ping_status":"open","sticky":false,"template":"","format":"standard","meta":{"footnotes":""},"categories":[16,4],"tags":[],"class_list":["post-18396","post","type-post","status-publish","format-standard","has-post-thumbnail","hentry","category-comunicamos","category-noticias","xfolkentry"],"_links":{"self":[{"href":"https:\/\/www.ambienteyenergia.gob.ec\/ambiente\/wp-json\/wp\/v2\/posts\/18396","targetHints":{"allow":["GET"]}}],"collection":[{"href":"https:\/\/www.ambienteyenergia.gob.ec\/ambiente\/wp-json\/wp\/v2\/posts"}],"about":[{"href":"https:\/\/www.ambienteyenergia.gob.ec\/ambiente\/wp-json\/wp\/v2\/types\/post"}],"author":[{"embeddable":true,"href":"https:\/\/www.ambienteyenergia.gob.ec\/ambiente\/wp-json\/wp\/v2\/users\/13"}],"replies":[{"embeddable":true,"href":"https:\/\/www.ambienteyenergia.gob.ec\/ambiente\/wp-json\/wp\/v2\/comments?post=18396"}],"version-history":[{"count":0,"href":"https:\/\/www.ambienteyenergia.gob.ec\/ambiente\/wp-json\/wp\/v2\/posts\/18396\/revisions"}],"wp:featuredmedia":[{"embeddable":true,"href":"https:\/\/www.ambienteyenergia.gob.ec\/ambiente\/wp-json\/wp\/v2\/media\/18398"}],"wp:attachment":[{"href":"https:\/\/www.ambienteyenergia.gob.ec\/ambiente\/wp-json\/wp\/v2\/media?parent=18396"}],"wp:term":[{"taxonomy":"category","embeddable":true,"href":"https:\/\/www.ambienteyenergia.gob.ec\/ambiente\/wp-json\/wp\/v2\/categories?post=18396"},{"taxonomy":"post_tag","embeddable":true,"href":"https:\/\/www.ambienteyenergia.gob.ec\/ambiente\/wp-json\/wp\/v2\/tags?post=18396"}],"curies":[{"name":"wp","href":"https:\/\/api.w.org\/{rel}","templated":true}]}}