{"id":18383,"date":"2014-02-20T11:42:02","date_gmt":"2014-02-20T16:42:02","guid":{"rendered":"http:\/\/www.ambiente.gob.ec\/?p=18383"},"modified":"2014-02-20T16:38:59","modified_gmt":"2014-02-20T21:38:59","slug":"ecuador-estudia-el-proceso-de-transformacion-productiva-de-residuos-solidos-en-holanda","status":"publish","type":"post","link":"https:\/\/www.ambienteyenergia.gob.ec\/ambiente\/ecuador-estudia-el-proceso-de-transformacion-productiva-de-residuos-solidos-en-holanda\/","title":{"rendered":"Ecuador estudia el proceso de transformaci\u00f3n productiva de residuos s\u00f3lidos en Holanda"},"content":{"rendered":"<p style=\"text-align: justify;\"><em>Ministerio de Medio Ambiente del Ecuador y su Programa Nacional para la Gesti\u00f3n Integral de Residuos S\u00f3lidos (PNGIDS), durante esta semana han mantenido varios encuentros institucionales que permitieron conocer las pol\u00edticas p\u00fablicas y modelos de gesti\u00f3n de residuos aplicados en Holanda con vistas a implementarlos a futuro en Ecuador.\u00a0<\/em><\/p>\n<p style=\"text-align: justify;\">Miguel Calahorrano, Embajador de Ecuador en Espa\u00f1a y una comisi\u00f3n encabezada por Paula Guerra, Gerente del PNGIDS, asistieron el 19 de febrero a una reuni\u00f3n con representantes del Ministerio de Medio Ambiente holand\u00e9s. En la reuni\u00f3n se dialog\u00f3 sobre la exitosa experiencia de este pa\u00eds en cuanto al tratamiento de residuos en plantas especializadas, con vistas a poder aplicar estas t\u00e9cnicas de sostenibilidad en el Ecuador.<\/p>\n<p style=\"text-align: justify;\">Posteriormente, la delegaci\u00f3n ecuatoriana junto al embajador vistaron las instalaciones de Zavin, planta de transformaci\u00f3n de residuos hospitalarios, donde un equipo de profesionales les explic\u00f3 a detalle el proceso de destrucci\u00f3n productiva al que someten a los residuos generados en el sector.<\/p>\n<p style=\"text-align: justify;\">Tambi\u00e9n, se reunieron con representantes de la Fundaci\u00f3n Waste, especializada en la transmisi\u00f3n de conocimientos sobre gesti\u00f3n integral de desechos s\u00f3lidos. En la asamblea la delegaci\u00f3n de Ecuador\u00a0 hizo especial hincapi\u00e9 en el conocimiento de los modelos de gesti\u00f3n aplicados por Waste, a fin de estudiar la posibilidad de implementarlos en Quito.<\/p>\n<p style=\"text-align: justify;\">Otros encuentros importantes de la jornada del martes fueron la reuni\u00f3n con la Compa\u00f1\u00eda de Desechos a Energ\u00eda (AEB), la cual se dedica a la transformaci\u00f3n sostenible de residuos s\u00f3lidos convirti\u00e9ndolos en energ\u00eda y en materias primas; y con la empresa Waternet donde fueron recibidos por Marit Jekkers, Relaciones p\u00fablicas de Waternet y el Director de Waternet World, Roelof Kruize, con ellos dialogaron sobre el proceso que sigue la empresa en el tratamiento de aguas residuales.<\/p>\n<p style=\"text-align: justify;\">Como parte esta visita oficial, la delegaci\u00f3n ecuatoriana mantuvo conversaciones con la Agencia Internacional de Cooperaci\u00f3n de la Asociaci\u00f3n de Municipios de los Pa\u00edses Bajos (V.N.G), en la que manifest\u00f3 su inter\u00e9s por conocer m\u00e1s sobre su amplia experiencia en el proceso de creaci\u00f3n de mancomunidades que a\u00fanen esfuerzos para generar procesos sostenibles de saneamiento, modelos de gesti\u00f3n, operaci\u00f3n, y pol\u00edticas p\u00fablicas.<\/p>\n<p style=\"text-align: justify;\">Finalmente, el embajador y la delegaci\u00f3n de Medio Ambiente mantuvieron una reuni\u00f3n con representantes del Banco Holand\u00e9s de desarrollo empresarial (FMO). En el encuentro estuvo presente el Director de energ\u00eda, Hubb Cornelissen, a quien la delegaci\u00f3n ecuatoriana le propuso estudiar la posibilidad de que el FMO colabore con la financiaci\u00f3n de algunas iniciativas relacionadas con la transformaci\u00f3n de desechos s\u00f3lidos, as\u00ed como otras propuestas de tema agroindustrial relacionadas con el cambio de la matriz productiva del Ecuador.<\/p>\n","protected":false},"excerpt":{"rendered":"<p class=\"excerpt\">Ministerio de Medio Ambiente del Ecuador y su Programa Nacional para la Gesti\u00f3n Integral de Residuos S\u00f3lidos (PNGIDS), durante esta semana han mantenido varios encuentros institucionales que permitieron conocer las pol\u00edticas p\u00fablicas y modelos de gesti\u00f3n de residuos aplicados en Holanda con vistas a implementarlos a futuro en Ecuador.\u00a0 Miguel Calahorrano, Embajador de Ecuador en Espa\u00f1a y una comisi\u00f3n encabezada&hellip; <a href=\"https:\/\/www.ambienteyenergia.gob.ec\/ambiente\/ecuador-estudia-el-proceso-de-transformacion-productiva-de-residuos-solidos-en-holanda\/\">Read more &rarr;<\/a><\/p>\n","protected":false},"author":13,"featured_media":18384,"comment_status":"open","ping_status":"open","sticky":false,"template":"","format":"standard","meta":{"footnotes":""},"categories":[16,4],"tags":[],"class_list":["post-18383","post","type-post","status-publish","format-standard","has-post-thumbnail","hentry","category-comunicamos","category-noticias","xfolkentry"],"_links":{"self":[{"href":"https:\/\/www.ambienteyenergia.gob.ec\/ambiente\/wp-json\/wp\/v2\/posts\/18383","targetHints":{"allow":["GET"]}}],"collection":[{"href":"https:\/\/www.ambienteyenergia.gob.ec\/ambiente\/wp-json\/wp\/v2\/posts"}],"about":[{"href":"https:\/\/www.ambienteyenergia.gob.ec\/ambiente\/wp-json\/wp\/v2\/types\/post"}],"author":[{"embeddable":true,"href":"https:\/\/www.ambienteyenergia.gob.ec\/ambiente\/wp-json\/wp\/v2\/users\/13"}],"replies":[{"embeddable":true,"href":"https:\/\/www.ambienteyenergia.gob.ec\/ambiente\/wp-json\/wp\/v2\/comments?post=18383"}],"version-history":[{"count":0,"href":"https:\/\/www.ambienteyenergia.gob.ec\/ambiente\/wp-json\/wp\/v2\/posts\/18383\/revisions"}],"wp:featuredmedia":[{"embeddable":true,"href":"https:\/\/www.ambienteyenergia.gob.ec\/ambiente\/wp-json\/wp\/v2\/media\/18384"}],"wp:attachment":[{"href":"https:\/\/www.ambienteyenergia.gob.ec\/ambiente\/wp-json\/wp\/v2\/media?parent=18383"}],"wp:term":[{"taxonomy":"category","embeddable":true,"href":"https:\/\/www.ambienteyenergia.gob.ec\/ambiente\/wp-json\/wp\/v2\/categories?post=18383"},{"taxonomy":"post_tag","embeddable":true,"href":"https:\/\/www.ambienteyenergia.gob.ec\/ambiente\/wp-json\/wp\/v2\/tags?post=18383"}],"curies":[{"name":"wp","href":"https:\/\/api.w.org\/{rel}","templated":true}]}}