{"id":18377,"date":"2014-02-20T09:56:08","date_gmt":"2014-02-20T14:56:08","guid":{"rendered":"http:\/\/www.ambiente.gob.ec\/?p=18377"},"modified":"2014-02-20T16:32:10","modified_gmt":"2014-02-20T21:32:10","slug":"31-representantes-de-comunidades-participaron-en-taller-de-actualizacion-del-plan-de-manejo-de-la-reserva-de-produccion-fauna-chimborazo","status":"publish","type":"post","link":"https:\/\/www.ambienteyenergia.gob.ec\/ambiente\/31-representantes-de-comunidades-participaron-en-taller-de-actualizacion-del-plan-de-manejo-de-la-reserva-de-produccion-fauna-chimborazo\/","title":{"rendered":"31 representantes de comunidades participaron en taller de actualizaci\u00f3n del Plan de Manejo de la Reserva de Producci\u00f3n de Fauna Chimborazo"},"content":{"rendered":"<p style=\"text-align: justify;\">Ayer, el Ministerio del Ambiente (MAE), en coordinaci\u00f3n con ECOCIENCIA y el Gobierno Aut\u00f3nomo Descentralizado de Chimborazo, imparti\u00f3 un taller para la actualizaci\u00f3n del Plan de Manejo de la Reserva de Producci\u00f3n de Fauna Chimborazo. El evento se desarroll\u00f3 en el sal\u00f3n Auditorio Alex Camacho de la Direcci\u00f3n Provincial de Salud de Bol\u00edvar. El objetivo fue dar a conocer el manejo de la reserva y en especial de la vicu\u00f1a.<\/p>\n<p style=\"text-align: justify;\">Como parte de este encuentro se formaron varias mesas de trabajo con miembros de las comunidades, a fin de aportar en el Plan Operativo Anual 2014. En las asambleas se trataron temas como cuidado y conservaci\u00f3n de vicu\u00f1as y venados; protecci\u00f3n de p\u00e1ramos y sus ecosistemas; control y vigilancia de vida silvestre y manejo de biodiversidad en la reserva.<\/p>\n<p style=\"text-align: justify;\">En el acto participaron 31 representantes de las comunidades de la parte alta del cant\u00f3n Guaranda; mismas que forman parte de la Reserva de Producci\u00f3n de Fauna del Chimborazo (RPFCH) como son Pucarapamba, Culebrillas, Natahua, Cruz del Arenal, Puente Ayora, Pachakutik, Marcopamba, Rincon de los Andes, entre otras.<\/p>\n","protected":false},"excerpt":{"rendered":"<p class=\"excerpt\">Ayer, el Ministerio del Ambiente (MAE), en coordinaci\u00f3n con ECOCIENCIA y el Gobierno Aut\u00f3nomo Descentralizado de Chimborazo, imparti\u00f3 un taller para la actualizaci\u00f3n del Plan de Manejo de la Reserva de Producci\u00f3n de Fauna Chimborazo. El evento se desarroll\u00f3 en el sal\u00f3n Auditorio Alex Camacho de la Direcci\u00f3n Provincial de Salud de Bol\u00edvar. El objetivo fue dar a conocer el&hellip; <a href=\"https:\/\/www.ambienteyenergia.gob.ec\/ambiente\/31-representantes-de-comunidades-participaron-en-taller-de-actualizacion-del-plan-de-manejo-de-la-reserva-de-produccion-fauna-chimborazo\/\">Read more &rarr;<\/a><\/p>\n","protected":false},"author":13,"featured_media":18378,"comment_status":"open","ping_status":"open","sticky":false,"template":"","format":"standard","meta":{"footnotes":""},"categories":[16,4],"tags":[],"class_list":["post-18377","post","type-post","status-publish","format-standard","has-post-thumbnail","hentry","category-comunicamos","category-noticias","xfolkentry"],"_links":{"self":[{"href":"https:\/\/www.ambienteyenergia.gob.ec\/ambiente\/wp-json\/wp\/v2\/posts\/18377","targetHints":{"allow":["GET"]}}],"collection":[{"href":"https:\/\/www.ambienteyenergia.gob.ec\/ambiente\/wp-json\/wp\/v2\/posts"}],"about":[{"href":"https:\/\/www.ambienteyenergia.gob.ec\/ambiente\/wp-json\/wp\/v2\/types\/post"}],"author":[{"embeddable":true,"href":"https:\/\/www.ambienteyenergia.gob.ec\/ambiente\/wp-json\/wp\/v2\/users\/13"}],"replies":[{"embeddable":true,"href":"https:\/\/www.ambienteyenergia.gob.ec\/ambiente\/wp-json\/wp\/v2\/comments?post=18377"}],"version-history":[{"count":0,"href":"https:\/\/www.ambienteyenergia.gob.ec\/ambiente\/wp-json\/wp\/v2\/posts\/18377\/revisions"}],"wp:featuredmedia":[{"embeddable":true,"href":"https:\/\/www.ambienteyenergia.gob.ec\/ambiente\/wp-json\/wp\/v2\/media\/18378"}],"wp:attachment":[{"href":"https:\/\/www.ambienteyenergia.gob.ec\/ambiente\/wp-json\/wp\/v2\/media?parent=18377"}],"wp:term":[{"taxonomy":"category","embeddable":true,"href":"https:\/\/www.ambienteyenergia.gob.ec\/ambiente\/wp-json\/wp\/v2\/categories?post=18377"},{"taxonomy":"post_tag","embeddable":true,"href":"https:\/\/www.ambienteyenergia.gob.ec\/ambiente\/wp-json\/wp\/v2\/tags?post=18377"}],"curies":[{"name":"wp","href":"https:\/\/api.w.org\/{rel}","templated":true}]}}