{"id":18367,"date":"2014-02-20T09:22:58","date_gmt":"2014-02-20T14:22:58","guid":{"rendered":"http:\/\/www.ambiente.gob.ec\/?p=18367"},"modified":"2014-02-20T16:20:57","modified_gmt":"2014-02-20T21:20:57","slug":"mae-capacito-a-funcionarios-sobre-el-manejo-de-bosque-seco-en-loja","status":"publish","type":"post","link":"https:\/\/www.ambienteyenergia.gob.ec\/ambiente\/mae-capacito-a-funcionarios-sobre-el-manejo-de-bosque-seco-en-loja\/","title":{"rendered":"MAE capacit\u00f3 a funcionarios sobre el manejo de bosques secos, en Loja"},"content":{"rendered":"<p style=\"text-align: justify;\">El Ministerio del Ambiente del Ecuador (MAE), a trav\u00e9s de la Direcci\u00f3n Provincial de Loja y como parte de su programa de Educaci\u00f3n Ambiental, capacit\u00f3 a delegados de Gesti\u00f3n Ambiental Municipal de Zapotillo y GAD parroquial de Mangahurco, con el objetivo de precautelar las \u00e1reas protegidas existentes en la zona, especialmente el bosque de guayacanes.<\/p>\n<p style=\"text-align: justify;\">El proceso de capacitaci\u00f3n\u00a0 se realiza de forma permanente considerando la importancia de este ecosistema, para lo cual el Ministerio del Ambiente cuenta con una oficina t\u00e9cnica en el cant\u00f3n Zapotillo, en la que t\u00e9cnicos imparten informaci\u00f3n sobre el manejo y conservaci\u00f3n del bosque seco y su ecosistema.<\/p>\n<p style=\"text-align: justify;\">Los talleres pretenden fortalecer conocimientos, especiamente, en los t\u00e9cnicos, para que se conviertan en actores claves en el manejo y conservaci\u00f3n de los guayacanes.<\/p>\n<p style=\"text-align: justify;\">Las jornadas educativas fueron divididas en dos momentos un te\u00f3rico y un pr\u00e1ctico. Lo te\u00f3rico comprendi\u00f3 la socializaci\u00f3n de normativas vigentes, usos de m\u00e9todos y herramientas de sobre protecci\u00f3n de suelos, mientras lo pr\u00e1ctico se bas\u00f3 en trabajos de campo en el \u00e1rea de los Guayacanes. Adem\u00e1s, se instruy\u00f3 a los asistentes en temas t\u00e9cnicos y legales como manejo de GPS, \u00e1reas protegidas, normativas vigentes y vida silvestre.<\/p>\n<p style=\"text-align: justify;\">Por otro lado, se entreg\u00f3 por parte del Proyecto de Apoyo al SNAP, equipos como GPS y c\u00e1maras fotogr\u00e1ficas, con la finalidad de que sean utilizados en el manejo integral del bosque seco y vida silvestre.<\/p>\n<p style=\"text-align: justify;\">El MAE ejecuta este tipo de iniciativas a partir de la declaratoria de las 10 000 hect\u00e1reas, como \u00e1rea ecol\u00f3gica municipal \u201cLos Guayacanes\u201d, para lo cual esta Cartera de Estado asesor\u00f3 de manera t\u00e9cnica y legal.<\/p>\n<p style=\"text-align: justify;\">El martes 25 de febrero, se mantendr\u00e1 una reuni\u00f3n de trabajo con las autoridades pertinentes para delinear mecanismos de intervenci\u00f3n y apoyo del MAE en el \u00e1rea declarada.<b><\/b><\/p>\n<p style=\"text-align: justify;\"><b>\u00a0<\/b><\/p>\n","protected":false},"excerpt":{"rendered":"<p class=\"excerpt\">El Ministerio del Ambiente del Ecuador (MAE), a trav\u00e9s de la Direcci\u00f3n Provincial de Loja y como parte de su programa de Educaci\u00f3n Ambiental, capacit\u00f3 a delegados de Gesti\u00f3n Ambiental Municipal de Zapotillo y GAD parroquial de Mangahurco, con el objetivo de precautelar las \u00e1reas protegidas existentes en la zona, especialmente el bosque de guayacanes. El proceso de capacitaci\u00f3n\u00a0 se&hellip; <a href=\"https:\/\/www.ambienteyenergia.gob.ec\/ambiente\/mae-capacito-a-funcionarios-sobre-el-manejo-de-bosque-seco-en-loja\/\">Read more &rarr;<\/a><\/p>\n","protected":false},"author":13,"featured_media":18368,"comment_status":"open","ping_status":"open","sticky":false,"template":"","format":"standard","meta":{"footnotes":""},"categories":[16,4],"tags":[],"class_list":["post-18367","post","type-post","status-publish","format-standard","has-post-thumbnail","hentry","category-comunicamos","category-noticias","xfolkentry"],"_links":{"self":[{"href":"https:\/\/www.ambienteyenergia.gob.ec\/ambiente\/wp-json\/wp\/v2\/posts\/18367","targetHints":{"allow":["GET"]}}],"collection":[{"href":"https:\/\/www.ambienteyenergia.gob.ec\/ambiente\/wp-json\/wp\/v2\/posts"}],"about":[{"href":"https:\/\/www.ambienteyenergia.gob.ec\/ambiente\/wp-json\/wp\/v2\/types\/post"}],"author":[{"embeddable":true,"href":"https:\/\/www.ambienteyenergia.gob.ec\/ambiente\/wp-json\/wp\/v2\/users\/13"}],"replies":[{"embeddable":true,"href":"https:\/\/www.ambienteyenergia.gob.ec\/ambiente\/wp-json\/wp\/v2\/comments?post=18367"}],"version-history":[{"count":0,"href":"https:\/\/www.ambienteyenergia.gob.ec\/ambiente\/wp-json\/wp\/v2\/posts\/18367\/revisions"}],"wp:featuredmedia":[{"embeddable":true,"href":"https:\/\/www.ambienteyenergia.gob.ec\/ambiente\/wp-json\/wp\/v2\/media\/18368"}],"wp:attachment":[{"href":"https:\/\/www.ambienteyenergia.gob.ec\/ambiente\/wp-json\/wp\/v2\/media?parent=18367"}],"wp:term":[{"taxonomy":"category","embeddable":true,"href":"https:\/\/www.ambienteyenergia.gob.ec\/ambiente\/wp-json\/wp\/v2\/categories?post=18367"},{"taxonomy":"post_tag","embeddable":true,"href":"https:\/\/www.ambienteyenergia.gob.ec\/ambiente\/wp-json\/wp\/v2\/tags?post=18367"}],"curies":[{"name":"wp","href":"https:\/\/api.w.org\/{rel}","templated":true}]}}