{"id":18361,"date":"2014-02-20T09:00:36","date_gmt":"2014-02-20T14:00:36","guid":{"rendered":"http:\/\/www.ambiente.gob.ec\/?p=18361"},"modified":"2014-02-20T16:14:16","modified_gmt":"2014-02-20T21:14:16","slug":"mae-realizo-la-clausura-del-curso-de-renovacion-de-licencias-para-guias-naturalistas-en-chimborazo","status":"publish","type":"post","link":"https:\/\/www.ambienteyenergia.gob.ec\/ambiente\/mae-realizo-la-clausura-del-curso-de-renovacion-de-licencias-para-guias-naturalistas-en-chimborazo\/","title":{"rendered":"MAE realiz\u00f3 la clausura del curso de renovaci\u00f3n de licencias para gu\u00edas naturalistas, en Chimborazo"},"content":{"rendered":"<p style=\"text-align: justify;\">Con la presencia de autoridades, delegados de los GADs municipales y parroquiales, y Gu\u00edas Naturalistas; el Ministerio del Ambiente del Ecuador (MAE), realiz\u00f3 ayer, la ceremonia de clausura del Curso de Renovaci\u00f3n de Licencias para Gu\u00edas Naturalistas 1, que se desarroll\u00f3 del 27 de enero al 2 de febrero del presente a\u00f1o. El evento se ejecut\u00f3 en el auditorio de la Direcci\u00f3n del Ambiente de Chimborazo.<\/p>\n<p style=\"text-align: justify;\">Concluida la actualizaci\u00f3n de conocimientos para el desarrollo del turismo sostenible y sustentable en la Reserva de Producci\u00f3n de Fauna Chimborazo y Parque Nacional Sangay, y cumpliendo con los par\u00e1metros acad\u00e9micos (asistencia &#8211; calificaci\u00f3n) establecidos por el MAE y la Escuela Superior Polit\u00e9cnica de Chimborazo, la Direcci\u00f3n Provincial del Ambiente entreg\u00f3 las credenciales a los participantes del curso.<\/p>\n<p style=\"text-align: justify;\">Los instructores fueron los docentes de la Escuela Superior Polit\u00e9cnica de Chimborazo (ESPOCH), conforme a los Lineamientos Estrat\u00e9gicos Nacionales de Investigaci\u00f3n Ambiental. Las tem\u00e1ticas desarrolladas en el curso fueron actitud de servicio y liderazgo, gesti\u00f3n de patrimonio cultural, turismo sostenible, legislaci\u00f3n ambiental y tur\u00edstica, patrimonio natural, manejo de \u00e1reas protegidas, interpretaci\u00f3n y gesti\u00f3n ambiental.<\/p>\n<p style=\"text-align: justify;\">Al finalizar, la Directora Provincial de Chimborazo agradeci\u00f3 la presencia del p\u00fablico asistente, y deseo a los gu\u00edas \u00e9xitos en el cumplimiento de sus actividades.<\/p>\n<p style=\"text-align: justify;\"><strong>El dato<\/strong><\/p>\n<p style=\"text-align: justify;\">La licencia tiene un plazo de validez de 2 a\u00f1os a partir de enero 2014, una vez expirada la licencia, los gu\u00edas deber\u00e1n actualizar los conocimientos t\u00e9cnicos como lo establece el Reglamento de Gu\u00edas vigente.<\/p>\n<div id='gallery-1' class='gallery galleryid-18361 gallery-columns-3 gallery-size-thumbnail'><dl class='gallery-item'>\n\t\t\t<dt class='gallery-icon landscape'>\n\t\t\t\t<a href='https:\/\/www.ambienteyenergia.gob.ec\/ambiente\/mae-realizo-la-clausura-del-curso-de-renovacion-de-licencias-para-guias-naturalistas-en-chimborazo\/d-2\/'><img loading=\"lazy\" decoding=\"async\" width=\"150\" height=\"150\" src=\"https:\/\/www.ambienteyenergia.gob.ec\/ambiente\/wp-content\/uploads\/sites\/2\/2014\/02\/d-150x150.jpg\" class=\"attachment-thumbnail size-thumbnail\" alt=\"\" \/><\/a>\n\t\t\t<\/dt><\/dl><dl class='gallery-item'>\n\t\t\t<dt class='gallery-icon landscape'>\n\t\t\t\t<a href='https:\/\/www.ambienteyenergia.gob.ec\/ambiente\/mae-realizo-la-clausura-del-curso-de-renovacion-de-licencias-para-guias-naturalistas-en-chimborazo\/c-5\/'><img loading=\"lazy\" decoding=\"async\" width=\"150\" height=\"150\" src=\"https:\/\/www.ambienteyenergia.gob.ec\/ambiente\/wp-content\/uploads\/sites\/2\/2014\/02\/c3-150x150.jpg\" class=\"attachment-thumbnail size-thumbnail\" alt=\"\" \/><\/a>\n\t\t\t<\/dt><\/dl><dl class='gallery-item'>\n\t\t\t<dt class='gallery-icon landscape'>\n\t\t\t\t<a href='https:\/\/www.ambienteyenergia.gob.ec\/ambiente\/mae-realizo-la-clausura-del-curso-de-renovacion-de-licencias-para-guias-naturalistas-en-chimborazo\/b-5\/'><img loading=\"lazy\" decoding=\"async\" width=\"150\" height=\"150\" src=\"https:\/\/www.ambienteyenergia.gob.ec\/ambiente\/wp-content\/uploads\/sites\/2\/2014\/02\/b3-150x150.jpg\" class=\"attachment-thumbnail size-thumbnail\" alt=\"\" \/><\/a>\n\t\t\t<\/dt><\/dl><br style=\"clear: both\" \/>\n\t\t<\/div>\n\n","protected":false},"excerpt":{"rendered":"<p class=\"excerpt\">Con la presencia de autoridades, delegados de los GADs municipales y parroquiales, y Gu\u00edas Naturalistas; el Ministerio del Ambiente del Ecuador (MAE), realiz\u00f3 ayer, la ceremonia de clausura del Curso de Renovaci\u00f3n de Licencias para Gu\u00edas Naturalistas 1, que se desarroll\u00f3 del 27 de enero al 2 de febrero del presente a\u00f1o. El evento se ejecut\u00f3 en el auditorio de&hellip; <a href=\"https:\/\/www.ambienteyenergia.gob.ec\/ambiente\/mae-realizo-la-clausura-del-curso-de-renovacion-de-licencias-para-guias-naturalistas-en-chimborazo\/\">Read more &rarr;<\/a><\/p>\n","protected":false},"author":13,"featured_media":18362,"comment_status":"open","ping_status":"open","sticky":false,"template":"","format":"standard","meta":{"footnotes":""},"categories":[16,4],"tags":[],"class_list":["post-18361","post","type-post","status-publish","format-standard","has-post-thumbnail","hentry","category-comunicamos","category-noticias","xfolkentry"],"_links":{"self":[{"href":"https:\/\/www.ambienteyenergia.gob.ec\/ambiente\/wp-json\/wp\/v2\/posts\/18361","targetHints":{"allow":["GET"]}}],"collection":[{"href":"https:\/\/www.ambienteyenergia.gob.ec\/ambiente\/wp-json\/wp\/v2\/posts"}],"about":[{"href":"https:\/\/www.ambienteyenergia.gob.ec\/ambiente\/wp-json\/wp\/v2\/types\/post"}],"author":[{"embeddable":true,"href":"https:\/\/www.ambienteyenergia.gob.ec\/ambiente\/wp-json\/wp\/v2\/users\/13"}],"replies":[{"embeddable":true,"href":"https:\/\/www.ambienteyenergia.gob.ec\/ambiente\/wp-json\/wp\/v2\/comments?post=18361"}],"version-history":[{"count":0,"href":"https:\/\/www.ambienteyenergia.gob.ec\/ambiente\/wp-json\/wp\/v2\/posts\/18361\/revisions"}],"wp:featuredmedia":[{"embeddable":true,"href":"https:\/\/www.ambienteyenergia.gob.ec\/ambiente\/wp-json\/wp\/v2\/media\/18362"}],"wp:attachment":[{"href":"https:\/\/www.ambienteyenergia.gob.ec\/ambiente\/wp-json\/wp\/v2\/media?parent=18361"}],"wp:term":[{"taxonomy":"category","embeddable":true,"href":"https:\/\/www.ambienteyenergia.gob.ec\/ambiente\/wp-json\/wp\/v2\/categories?post=18361"},{"taxonomy":"post_tag","embeddable":true,"href":"https:\/\/www.ambienteyenergia.gob.ec\/ambiente\/wp-json\/wp\/v2\/tags?post=18361"}],"curies":[{"name":"wp","href":"https:\/\/api.w.org\/{rel}","templated":true}]}}