{"id":18357,"date":"2014-02-20T08:22:50","date_gmt":"2014-02-20T13:22:50","guid":{"rendered":"http:\/\/www.ambiente.gob.ec\/?p=18357"},"modified":"2014-02-20T12:18:40","modified_gmt":"2014-02-20T17:18:40","slug":"mae-capacita-a-funcionarios-de-varias-instituciones-en-la-herramienta-de-evaluacion-de-suelo-y-agua-swat","status":"publish","type":"post","link":"https:\/\/www.ambienteyenergia.gob.ec\/ambiente\/mae-capacita-a-funcionarios-de-varias-instituciones-en-la-herramienta-de-evaluacion-de-suelo-y-agua-swat\/","title":{"rendered":"MAE capacita a funcionarios de varias instituciones en la Herramienta de Evaluaci\u00f3n de Suelo y Agua (SWAT)"},"content":{"rendered":"<p align=\"JUSTIFY\">Con el prop\u00f3sito de fortalecer capacidades y facilitar herramientas aplicables en el manejo adecuado de los recursos h\u00eddricos, el Ministerio del Ambiente del Ecuador (MAE), a trav\u00e9s de la Subsecretar\u00eda de Cambio Clim\u00e1tico y el Proyecto de Adaptaci\u00f3n al Cambio Clim\u00e1tico para una efectiva gobernabilidad del agua en el Ecuador (PACC), capacitar\u00e1 a funcionarios de varias instituciones gubernamentales relacionadas con el manejo de recursos h\u00eddricos y generaci\u00f3n de informaci\u00f3n clim\u00e1tica en las zonas de influencia del Proyecto, en la Herramienta de Evaluaci\u00f3n de Suelo y Agua (SWAT), hasta el 21 de febrero,<b> <\/b>en Quito.<\/p>\n<p align=\"JUSTIFY\">El PACC dicta este taller para reforzar las relaciones interinstitucionales a nivel nacional e internacional y para establecer cooperaci\u00f3n conjunta a futuro, entre t\u00e9cnicos de instituciones como la Secretar\u00eda Nacional del Agua (SENAGUA), Instituto Nacional de Metereolog\u00eda e Hidrolog\u00eda (INAMHI), Ministerio del Ambiente (MAE) y el Instituto Nacional de Eficiencia Energ\u00e9tica (INER). El SWAT ser\u00e1 utilizado dentro de los principales planes y actividades en las instituciones capacitadas.<\/p>\n<p align=\"JUSTIFY\"><strong>\u00bfQu\u00e9 es la Herramienta de Evaluaci\u00f3n de Suelo y Agua (SWAT)?<\/strong><\/p>\n<p align=\"JUSTIFY\">Es un modelo de dominio p\u00fablico desarrollado conjuntamente por el Servicio de Investigaci\u00f3n Agr\u00edcola (USDA-ARS) y la Universidad de Texas A &amp; M AgriLife Research, parte de la Universidad de Texas A&amp;M University System. Es ampliamente utilizado en la evaluaci\u00f3n de la prevenci\u00f3n de la erosi\u00f3n del suelo y el control, no el punto de control de la contaminaci\u00f3n de fuentes y el manejo regional de las cuencas hidrogr\u00e1ficas.<\/p>\n<p lang=\"es-ES\" align=\"JUSTIFY\"><strong>Expositores internacionales<\/strong><\/p>\n<p align=\"JUSTIFY\">El taller es dictado por la Dra. Katrin Bieger y el Dr. Javier Osorio Leyton, investigadores del Blackland Research &amp; Extension Center.<\/p>\n<p align=\"JUSTIFY\"><strong><i>Para mayor informaci\u00f3n consulte el enlace:<\/i><i> <\/i><a href=\"http:\/\/swat.tamu.edu\/\" target=\"_top\"><i>http:\/\/swat.tamu.edu\/<\/i><\/a><\/strong><\/p>\n","protected":false},"excerpt":{"rendered":"<p class=\"excerpt\">Con el prop\u00f3sito de fortalecer capacidades y facilitar herramientas aplicables en el manejo adecuado de los recursos h\u00eddricos, el Ministerio del Ambiente del Ecuador (MAE), a trav\u00e9s de la Subsecretar\u00eda de Cambio Clim\u00e1tico y el Proyecto de Adaptaci\u00f3n al Cambio Clim\u00e1tico para una efectiva gobernabilidad del agua en el Ecuador (PACC), capacitar\u00e1 a funcionarios de varias instituciones gubernamentales relacionadas con&hellip; <a href=\"https:\/\/www.ambienteyenergia.gob.ec\/ambiente\/mae-capacita-a-funcionarios-de-varias-instituciones-en-la-herramienta-de-evaluacion-de-suelo-y-agua-swat\/\">Read more &rarr;<\/a><\/p>\n","protected":false},"author":13,"featured_media":18359,"comment_status":"open","ping_status":"open","sticky":false,"template":"","format":"standard","meta":{"footnotes":""},"categories":[16,4],"tags":[],"class_list":["post-18357","post","type-post","status-publish","format-standard","has-post-thumbnail","hentry","category-comunicamos","category-noticias","xfolkentry"],"_links":{"self":[{"href":"https:\/\/www.ambienteyenergia.gob.ec\/ambiente\/wp-json\/wp\/v2\/posts\/18357","targetHints":{"allow":["GET"]}}],"collection":[{"href":"https:\/\/www.ambienteyenergia.gob.ec\/ambiente\/wp-json\/wp\/v2\/posts"}],"about":[{"href":"https:\/\/www.ambienteyenergia.gob.ec\/ambiente\/wp-json\/wp\/v2\/types\/post"}],"author":[{"embeddable":true,"href":"https:\/\/www.ambienteyenergia.gob.ec\/ambiente\/wp-json\/wp\/v2\/users\/13"}],"replies":[{"embeddable":true,"href":"https:\/\/www.ambienteyenergia.gob.ec\/ambiente\/wp-json\/wp\/v2\/comments?post=18357"}],"version-history":[{"count":0,"href":"https:\/\/www.ambienteyenergia.gob.ec\/ambiente\/wp-json\/wp\/v2\/posts\/18357\/revisions"}],"wp:featuredmedia":[{"embeddable":true,"href":"https:\/\/www.ambienteyenergia.gob.ec\/ambiente\/wp-json\/wp\/v2\/media\/18359"}],"wp:attachment":[{"href":"https:\/\/www.ambienteyenergia.gob.ec\/ambiente\/wp-json\/wp\/v2\/media?parent=18357"}],"wp:term":[{"taxonomy":"category","embeddable":true,"href":"https:\/\/www.ambienteyenergia.gob.ec\/ambiente\/wp-json\/wp\/v2\/categories?post=18357"},{"taxonomy":"post_tag","embeddable":true,"href":"https:\/\/www.ambienteyenergia.gob.ec\/ambiente\/wp-json\/wp\/v2\/tags?post=18357"}],"curies":[{"name":"wp","href":"https:\/\/api.w.org\/{rel}","templated":true}]}}