{"id":18348,"date":"2014-02-19T08:00:41","date_gmt":"2014-02-19T13:00:41","guid":{"rendered":"http:\/\/www.ambiente.gob.ec\/?p=18348"},"modified":"2014-02-20T08:46:10","modified_gmt":"2014-02-20T13:46:10","slug":"mae-realiza-i-dialogo-sobre-certificacion-forestal-sostenible","status":"publish","type":"post","link":"https:\/\/www.ambienteyenergia.gob.ec\/ambiente\/mae-realiza-i-dialogo-sobre-certificacion-forestal-sostenible\/","title":{"rendered":"MAE realiza I Di\u00e1logo sobre Certificaci\u00f3n Forestal Sostenible"},"content":{"rendered":"<p style=\"text-align: justify;\">En el marco de la implementaci\u00f3n de la Pol\u00edtica de Gobernanza del Patrimonio Natural para el Buen Vivir, el Ministerio del Ambiente del Ecuador (MAE), a trav\u00e9s de la Subsecretar\u00eda de Patrimonio Natural, realiz\u00f3 el Primer Encuentro con representantes de la industria forestal en el pa\u00eds.<\/p>\n<p style=\"text-align: justify;\">La cita tuvo como objetivo fomentar un plan de acci\u00f3n que promueva la certificaci\u00f3n de productos forestales y un comportamiento social responsable del sector privado.<\/p>\n<p style=\"text-align: justify;\">Durante la cita, se expusieron esquemas de certificaciones, los\u00a0 cuales mencionan los procesos de manejo forestal que pueden ser cumplidos en la cadena de valor de la madera y tambi\u00e9n el sistema de monitoreo y control de madera ilegal que impulsa esta Cartera de Estado.<\/p>\n<p style=\"text-align: justify;\">Christian Ter\u00e1n, Subsecretario de Patrimonio Natural, destac\u00f3 durante la cita la importancia de gestionar esfuerzos conjuntos con el sector privado, con el af\u00e1n de mejorar el manejo forestal en el pa\u00eds y consolidar compromisos que faciliten una verdadera consciencia ambiental en el sector industrial.<\/p>\n<p style=\"text-align: justify;\">\u00abEl Ministerio del Ambiente est\u00e1 abierto a un di\u00e1logo permanente que permita que el sector empresarial aporte de manera positiva a una efectiva aplicaci\u00f3n de la pol\u00edtica forestal y el manejo sostenible de nuestros bosques\u00bb, se\u00f1al\u00f3 Ter\u00e1n.<\/p>\n<p style=\"text-align: justify;\">El Plan de Acci\u00f3n para el Control Forestal 2014 del MAE, toma en cuenta la certificaci\u00f3n, la cual promueve la legalidad de los productos madereros en el pa\u00eds e incluye el manejo responsable de los recursos.<\/p>\n","protected":false},"excerpt":{"rendered":"<p class=\"excerpt\">En el marco de la implementaci\u00f3n de la Pol\u00edtica de Gobernanza del Patrimonio Natural para el Buen Vivir, el Ministerio del Ambiente del Ecuador (MAE), a trav\u00e9s de la Subsecretar\u00eda de Patrimonio Natural, realiz\u00f3 el Primer Encuentro con representantes de la industria forestal en el pa\u00eds. La cita tuvo como objetivo fomentar un plan de acci\u00f3n que promueva la certificaci\u00f3n&hellip; <a href=\"https:\/\/www.ambienteyenergia.gob.ec\/ambiente\/mae-realiza-i-dialogo-sobre-certificacion-forestal-sostenible\/\">Read more &rarr;<\/a><\/p>\n","protected":false},"author":13,"featured_media":18360,"comment_status":"open","ping_status":"open","sticky":false,"template":"","format":"standard","meta":{"footnotes":""},"categories":[16,4],"tags":[],"class_list":["post-18348","post","type-post","status-publish","format-standard","has-post-thumbnail","hentry","category-comunicamos","category-noticias","xfolkentry"],"_links":{"self":[{"href":"https:\/\/www.ambienteyenergia.gob.ec\/ambiente\/wp-json\/wp\/v2\/posts\/18348","targetHints":{"allow":["GET"]}}],"collection":[{"href":"https:\/\/www.ambienteyenergia.gob.ec\/ambiente\/wp-json\/wp\/v2\/posts"}],"about":[{"href":"https:\/\/www.ambienteyenergia.gob.ec\/ambiente\/wp-json\/wp\/v2\/types\/post"}],"author":[{"embeddable":true,"href":"https:\/\/www.ambienteyenergia.gob.ec\/ambiente\/wp-json\/wp\/v2\/users\/13"}],"replies":[{"embeddable":true,"href":"https:\/\/www.ambienteyenergia.gob.ec\/ambiente\/wp-json\/wp\/v2\/comments?post=18348"}],"version-history":[{"count":0,"href":"https:\/\/www.ambienteyenergia.gob.ec\/ambiente\/wp-json\/wp\/v2\/posts\/18348\/revisions"}],"wp:featuredmedia":[{"embeddable":true,"href":"https:\/\/www.ambienteyenergia.gob.ec\/ambiente\/wp-json\/wp\/v2\/media\/18360"}],"wp:attachment":[{"href":"https:\/\/www.ambienteyenergia.gob.ec\/ambiente\/wp-json\/wp\/v2\/media?parent=18348"}],"wp:term":[{"taxonomy":"category","embeddable":true,"href":"https:\/\/www.ambienteyenergia.gob.ec\/ambiente\/wp-json\/wp\/v2\/categories?post=18348"},{"taxonomy":"post_tag","embeddable":true,"href":"https:\/\/www.ambienteyenergia.gob.ec\/ambiente\/wp-json\/wp\/v2\/tags?post=18348"}],"curies":[{"name":"wp","href":"https:\/\/api.w.org\/{rel}","templated":true}]}}