{"id":18339,"date":"2014-02-18T11:46:02","date_gmt":"2014-02-18T16:46:02","guid":{"rendered":"http:\/\/www.ambiente.gob.ec\/?p=18339"},"modified":"2014-02-18T11:46:02","modified_gmt":"2014-02-18T16:46:02","slug":"agenda-de-seguridad-para-la-amazonia-fue-analizada-en-el-ministerio-del-ambiente","status":"publish","type":"post","link":"https:\/\/www.ambienteyenergia.gob.ec\/ambiente\/agenda-de-seguridad-para-la-amazonia-fue-analizada-en-el-ministerio-del-ambiente\/","title":{"rendered":"Agenda de Seguridad para la Amazon\u00eda fue analizada en el Ministerio del Ambiente"},"content":{"rendered":"<p style=\"text-align: justify;\">La Directora Regional de CDKN (Alianza Clima y Desarrollo), Yolanda Kakabadse, mantuvo una reuni\u00f3n con el subsecretario de Cambio Clim\u00e1tico del Ministerio del Ambiente del Ecuador (MAE), Eduardo Noboa, para tratar la <b><i>Agenda de Seguridad para la Amazon\u00eda<\/i><\/b>. El informe regional que fue difundido hace pocos d\u00edas, es un importante insumo para alinear las pol\u00edticas y estrategias en los pa\u00edses de la cuenca del Amazonas.<\/p>\n<p style=\"text-align: justify;\">Los abundantes recursos naturales de la Amazon\u00eda constituyen la base de la seguridad h\u00eddrica, energ\u00e9tica, alimentaria y de la salud para la poblaci\u00f3n y la econom\u00eda de la regi\u00f3n y otros lugares. El agua, que en este contexto es el n\u00facleo central, es un recurso abundante en la Amazon\u00eda que en la actualidad est\u00e1 expuesto a una alta vulnerabilidad, debido al aumento de la contaminaci\u00f3n industrial y agr\u00edcola, y de las sequ\u00edas extremas.<\/p>\n<p style=\"text-align: justify;\">El cambio clim\u00e1tico multiplicar\u00e1 estas amenazas para la seguridad h\u00eddrica, energ\u00e9tica, alimentaria y de la salud, a medida que la temperatura aumente, los patrones de las precipitaciones var\u00eden y los fen\u00f3menos extremos sean cada vez m\u00e1s frecuentes e intensos. La <b>Agenda <\/b>pretende tratar estos temas de manera regional y proponer una estrategia para enfrentar coordinadamente acciones que ayuden a precautelar los recursos y servicios ambientales generados en la cuenca amaz\u00f3nica.<\/p>\n<p style=\"text-align: justify;\">En esta reuni\u00f3n oficial, Yolanda Kakabadse conoci\u00f3 en detalle las diferentes iniciativas impulsadas desde la Subsecretar\u00eda de Cambio Clim\u00e1tico del MAE y resalt\u00f3 el trabajo realizado por esta Cartera de Estado en los \u00faltimos a\u00f1os para gestionar de mejor forma los embates de \u00e9ste fen\u00f3meno.<\/p>\n<p style=\"text-align: justify;\"><strong>Algunas cifras del informe\u00a0<\/strong><\/p>\n<ul style=\"text-align: justify;\">\n<li>La deforestaci\u00f3n a gran escala podr\u00eda reducir las lluvias hasta en un 21% para el 2050.<\/li>\n<li>La energ\u00eda h\u00eddrica es vital para las necesidades de electricidad en la regi\u00f3n: 39% en Ecuador, 35% en Bolivia, 22% en Per\u00fa y 11% en Brasil.<\/li>\n<li>Se prev\u00e9 que la deforestaci\u00f3n en la regi\u00f3n impacte sobre la producci\u00f3n de energ\u00eda hidroel\u00e9ctrica. La producci\u00f3n proyectada de la central de Belomonte (Brasil) es de 36% menos para el 2050, si la deforestaci\u00f3n actual contin\u00faa.<\/li>\n<li>El 21% de la Amazon\u00eda se encuentra bajo alguna forma de concesi\u00f3n minera, y el 18% de dichas concesiones se superponen con territorios ind\u00edgenas reconocidos oficialmente.<\/li>\n<li>Cerca del 20% de la lluvia en la cuenca del Plata (una regi\u00f3n que genera el 70% del PIB de los 5 pa\u00edses que la comparten) proviene de la Amazon\u00eda.<\/li>\n<li>Los granos de soya y carne de la Amazon\u00eda legal de Brasil generaron 7 mil millones y 1600 millones respectivamente en exportaciones en 2012.<\/li>\n<li>El 99% del petr\u00f3leo ecuatoriano proviene de la Amazon\u00eda, permitiendo exportaciones de crudo de cerca de 9 mil millones en 2010.<\/li>\n<li>El cambio clim\u00e1tico multiplicar\u00e1 de manera creciente las amenazas a la seguridad de la Amazon\u00eda.<\/li>\n<\/ul>\n<p style=\"text-align: justify;\">\n","protected":false},"excerpt":{"rendered":"<p class=\"excerpt\">La Directora Regional de CDKN (Alianza Clima y Desarrollo), Yolanda Kakabadse, mantuvo una reuni\u00f3n con el subsecretario de Cambio Clim\u00e1tico del Ministerio del Ambiente del Ecuador (MAE), Eduardo Noboa, para tratar la Agenda de Seguridad para la Amazon\u00eda. El informe regional que fue difundido hace pocos d\u00edas, es un importante insumo para alinear las pol\u00edticas y estrategias en los pa\u00edses&hellip; <a href=\"https:\/\/www.ambienteyenergia.gob.ec\/ambiente\/agenda-de-seguridad-para-la-amazonia-fue-analizada-en-el-ministerio-del-ambiente\/\">Read more &rarr;<\/a><\/p>\n","protected":false},"author":13,"featured_media":18340,"comment_status":"open","ping_status":"open","sticky":false,"template":"","format":"standard","meta":{"footnotes":""},"categories":[16,4],"tags":[],"class_list":["post-18339","post","type-post","status-publish","format-standard","has-post-thumbnail","hentry","category-comunicamos","category-noticias","xfolkentry"],"_links":{"self":[{"href":"https:\/\/www.ambienteyenergia.gob.ec\/ambiente\/wp-json\/wp\/v2\/posts\/18339","targetHints":{"allow":["GET"]}}],"collection":[{"href":"https:\/\/www.ambienteyenergia.gob.ec\/ambiente\/wp-json\/wp\/v2\/posts"}],"about":[{"href":"https:\/\/www.ambienteyenergia.gob.ec\/ambiente\/wp-json\/wp\/v2\/types\/post"}],"author":[{"embeddable":true,"href":"https:\/\/www.ambienteyenergia.gob.ec\/ambiente\/wp-json\/wp\/v2\/users\/13"}],"replies":[{"embeddable":true,"href":"https:\/\/www.ambienteyenergia.gob.ec\/ambiente\/wp-json\/wp\/v2\/comments?post=18339"}],"version-history":[{"count":0,"href":"https:\/\/www.ambienteyenergia.gob.ec\/ambiente\/wp-json\/wp\/v2\/posts\/18339\/revisions"}],"wp:featuredmedia":[{"embeddable":true,"href":"https:\/\/www.ambienteyenergia.gob.ec\/ambiente\/wp-json\/wp\/v2\/media\/18340"}],"wp:attachment":[{"href":"https:\/\/www.ambienteyenergia.gob.ec\/ambiente\/wp-json\/wp\/v2\/media?parent=18339"}],"wp:term":[{"taxonomy":"category","embeddable":true,"href":"https:\/\/www.ambienteyenergia.gob.ec\/ambiente\/wp-json\/wp\/v2\/categories?post=18339"},{"taxonomy":"post_tag","embeddable":true,"href":"https:\/\/www.ambienteyenergia.gob.ec\/ambiente\/wp-json\/wp\/v2\/tags?post=18339"}],"curies":[{"name":"wp","href":"https:\/\/api.w.org\/{rel}","templated":true}]}}