{"id":18336,"date":"2014-02-18T11:12:59","date_gmt":"2014-02-18T16:12:59","guid":{"rendered":"http:\/\/www.ambiente.gob.ec\/?p=18336"},"modified":"2014-02-18T11:12:59","modified_gmt":"2014-02-18T16:12:59","slug":"mae-rescata-y-reinserta-tiburon-en-la-provincia-de-santa-elena","status":"publish","type":"post","link":"https:\/\/www.ambienteyenergia.gob.ec\/ambiente\/mae-rescata-y-reinserta-tiburon-en-la-provincia-de-santa-elena\/","title":{"rendered":"MAE rescata y reinserta tibur\u00f3n en la Provincia de Santa Elena"},"content":{"rendered":"<p style=\"text-align: justify;\">El d\u00eda 14 de febrero, el Ministerio del Ambiente del Ecuador (MAE) en conjunto con la Precoperativa de Pesca Artesanal Virgen del Mar y la Capitan\u00eda de Puerto, realiz\u00f3 la reinserci\u00f3n de un tibur\u00f3n\u00a0 ballena <i>(<\/i><i>Rhincodon<\/i><i> <\/i><i>typus<\/i><i>)<\/i><i>, <\/i>en la playa \u201cLa Carioca\u201d del Cant\u00f3n La Libertad. El pez qued\u00f3 atrapado en las redes de la cooperativa antes mencionada.<\/p>\n<p style=\"text-align: justify;\">El operativo se desarroll\u00f3 los d\u00edas 15 y 16 de febrero desde las 7:00h hasta las 18:00h,<b> <\/b>se ejecut\u00f3 el monitoreo en los Cantones la Libertad y Santa Elena,\u00a0 para evitar nuevos varamientos de tiburones.<\/p>\n<p style=\"text-align: justify;\">El Director Provincial del Ministerio del Ambiente Daniel Castillo Rodr\u00edguez, contempla realizar nuevas expediciones, para continuar con las diferentes actividades de protecci\u00f3n y rescate de la especie.<\/p>\n<p style=\"text-align: justify;\"><strong>Otros datos\u00a0<\/strong><\/p>\n<ul style=\"text-align: justify;\">\n<li>El tibur\u00f3n ballena es una especie de la familia Rhincodontidae. Es el pez m\u00e1s grande del mundo, con aproximadamente 12 m de longitud.<\/li>\n<li>El vientre de los tiburones ballena es totalmente blanco, mientras que su dorso es de un color gris\u00e1ceo, estas manchas representan un patr\u00f3n \u00fanico en cada esp\u00e9cimen, por lo que se utilizan para identificarlos y para censar su poblaci\u00f3n.<\/li>\n<li>Suele actuar de forma solitaria, aunque de vez en cuando forman grupos para alimentarse en zonas con grandes concentraciones de comida. Los machos pueden encontrarse en lugares m\u00e1s dispares, mientras que las hembras prefieren permanecer en lugares m\u00e1s concretos.<\/li>\n<li>Este peculiar tibur\u00f3n habita en aguas c\u00e1lidas tropicales y subtropicales. Se cree que puebla la tierra desde hace 60 millones de a\u00f1os.<\/li>\n<\/ul>\n<p style=\"text-align: justify;\">\n<p style=\"text-align: justify;\">\n","protected":false},"excerpt":{"rendered":"<p class=\"excerpt\">El d\u00eda 14 de febrero, el Ministerio del Ambiente del Ecuador (MAE) en conjunto con la Precoperativa de Pesca Artesanal Virgen del Mar y la Capitan\u00eda de Puerto, realiz\u00f3 la reinserci\u00f3n de un tibur\u00f3n\u00a0 ballena (Rhincodon typus), en la playa \u201cLa Carioca\u201d del Cant\u00f3n La Libertad. El pez qued\u00f3 atrapado en las redes de la cooperativa antes mencionada. El operativo&hellip; <a href=\"https:\/\/www.ambienteyenergia.gob.ec\/ambiente\/mae-rescata-y-reinserta-tiburon-en-la-provincia-de-santa-elena\/\">Read more &rarr;<\/a><\/p>\n","protected":false},"author":13,"featured_media":17364,"comment_status":"open","ping_status":"open","sticky":false,"template":"","format":"standard","meta":{"footnotes":""},"categories":[16,4],"tags":[],"class_list":["post-18336","post","type-post","status-publish","format-standard","has-post-thumbnail","hentry","category-comunicamos","category-noticias","xfolkentry"],"_links":{"self":[{"href":"https:\/\/www.ambienteyenergia.gob.ec\/ambiente\/wp-json\/wp\/v2\/posts\/18336","targetHints":{"allow":["GET"]}}],"collection":[{"href":"https:\/\/www.ambienteyenergia.gob.ec\/ambiente\/wp-json\/wp\/v2\/posts"}],"about":[{"href":"https:\/\/www.ambienteyenergia.gob.ec\/ambiente\/wp-json\/wp\/v2\/types\/post"}],"author":[{"embeddable":true,"href":"https:\/\/www.ambienteyenergia.gob.ec\/ambiente\/wp-json\/wp\/v2\/users\/13"}],"replies":[{"embeddable":true,"href":"https:\/\/www.ambienteyenergia.gob.ec\/ambiente\/wp-json\/wp\/v2\/comments?post=18336"}],"version-history":[{"count":0,"href":"https:\/\/www.ambienteyenergia.gob.ec\/ambiente\/wp-json\/wp\/v2\/posts\/18336\/revisions"}],"wp:featuredmedia":[{"embeddable":true,"href":"https:\/\/www.ambienteyenergia.gob.ec\/ambiente\/wp-json\/wp\/v2\/media\/17364"}],"wp:attachment":[{"href":"https:\/\/www.ambienteyenergia.gob.ec\/ambiente\/wp-json\/wp\/v2\/media?parent=18336"}],"wp:term":[{"taxonomy":"category","embeddable":true,"href":"https:\/\/www.ambienteyenergia.gob.ec\/ambiente\/wp-json\/wp\/v2\/categories?post=18336"},{"taxonomy":"post_tag","embeddable":true,"href":"https:\/\/www.ambienteyenergia.gob.ec\/ambiente\/wp-json\/wp\/v2\/tags?post=18336"}],"curies":[{"name":"wp","href":"https:\/\/api.w.org\/{rel}","templated":true}]}}