{"id":18323,"date":"2014-02-17T11:26:30","date_gmt":"2014-02-17T16:26:30","guid":{"rendered":"http:\/\/www.ambiente.gob.ec\/?p=18323"},"modified":"2014-02-17T11:26:30","modified_gmt":"2014-02-17T16:26:30","slug":"mae-reforesta-el-parque-centrica-bulevar-en-imbabura","status":"publish","type":"post","link":"https:\/\/www.ambienteyenergia.gob.ec\/ambiente\/mae-reforesta-el-parque-centrica-bulevar-en-imbabura\/","title":{"rendered":"MAE reforesta el Parque C\u00e9ntrica Bulevar en Imbabura"},"content":{"rendered":"<p style=\"text-align: justify;\">La direcci\u00f3n Provincial del Ambiente de Imbabura, conjuntamente con j\u00f3venes del Servicio Civil Ciudadano y el Municipio de Ibarra participaron el d\u00eda jueves 13, en la reforestaci\u00f3n del parque C\u00e9ntrica Bulevar.<\/p>\n<p style=\"text-align: justify;\">Esta es considerada una zona dinamizadora de la actividad tur\u00edstica y un espacio fundamental para la cultura y artesan\u00eda. \u201cC\u00e9ntrica\u201d fue ubicada estrat\u00e9gicamente para fomentar armon\u00eda, entre \u00e1reas verdes y espacios de actividades f\u00edsicas, que hoy determinan la vida cotidiana de los ibarre\u00f1os.<\/p>\n<p style=\"text-align: justify;\">Referente a esto, el Ministerio del Ambiente del Ecuador (MAE) aport\u00f3 con 150 especies de plantas forestales, las que fueron sembradas en el segundo puente y que servir\u00e1n como un espacio de recreaci\u00f3n para las personas que lo visiten.<\/p>\n<p style=\"text-align: justify;\">El Programa de reforestaci\u00f3n del MAE constituye una actividad fundamental en las pol\u00edticas ambientales, pues permite recuperar los ecosistemas vivos y los beneficios que brindan estas \u00e1reas. Asimismo, la Direcci\u00f3n Provincial del Ambiente de Imbabura asumi\u00f3 el compromiso de conservar y proteger de los espacios verdes de la ciudad.<\/p>\n<p style=\"text-align: justify;\"><a href=\"http:\/\/www.ambienteyenergia.gob.ec\/ambiente\/wp-content\/uploads\/2014\/02\/L1330266.jpg\"><img loading=\"lazy\" decoding=\"async\" class=\"aligncenter size-full wp-image-18324\" alt=\"L1330266\" src=\"http:\/\/www.ambienteyenergia.gob.ec\/ambiente\/wp-content\/uploads\/2014\/02\/L1330266.jpg\" width=\"650\" height=\"488\" srcset=\"https:\/\/www.ambienteyenergia.gob.ec\/ambiente\/wp-content\/uploads\/sites\/2\/2014\/02\/L1330266.jpg 650w, https:\/\/www.ambienteyenergia.gob.ec\/ambiente\/wp-content\/uploads\/sites\/2\/2014\/02\/L1330266-300x225.jpg 300w, https:\/\/www.ambienteyenergia.gob.ec\/ambiente\/wp-content\/uploads\/sites\/2\/2014\/02\/L1330266-399x300.jpg 399w\" sizes=\"auto, (max-width: 650px) 100vw, 650px\" \/><\/a><\/p>\n","protected":false},"excerpt":{"rendered":"<p class=\"excerpt\">La direcci\u00f3n Provincial del Ambiente de Imbabura, conjuntamente con j\u00f3venes del Servicio Civil Ciudadano y el Municipio de Ibarra participaron el d\u00eda jueves 13, en la reforestaci\u00f3n del parque C\u00e9ntrica Bulevar. Esta es considerada una zona dinamizadora de la actividad tur\u00edstica y un espacio fundamental para la cultura y artesan\u00eda. \u201cC\u00e9ntrica\u201d fue ubicada estrat\u00e9gicamente para fomentar armon\u00eda, entre \u00e1reas verdes&hellip; <a href=\"https:\/\/www.ambienteyenergia.gob.ec\/ambiente\/mae-reforesta-el-parque-centrica-bulevar-en-imbabura\/\">Read more &rarr;<\/a><\/p>\n","protected":false},"author":13,"featured_media":18326,"comment_status":"open","ping_status":"open","sticky":false,"template":"","format":"standard","meta":{"footnotes":""},"categories":[16,4],"tags":[],"class_list":["post-18323","post","type-post","status-publish","format-standard","has-post-thumbnail","hentry","category-comunicamos","category-noticias","xfolkentry"],"_links":{"self":[{"href":"https:\/\/www.ambienteyenergia.gob.ec\/ambiente\/wp-json\/wp\/v2\/posts\/18323","targetHints":{"allow":["GET"]}}],"collection":[{"href":"https:\/\/www.ambienteyenergia.gob.ec\/ambiente\/wp-json\/wp\/v2\/posts"}],"about":[{"href":"https:\/\/www.ambienteyenergia.gob.ec\/ambiente\/wp-json\/wp\/v2\/types\/post"}],"author":[{"embeddable":true,"href":"https:\/\/www.ambienteyenergia.gob.ec\/ambiente\/wp-json\/wp\/v2\/users\/13"}],"replies":[{"embeddable":true,"href":"https:\/\/www.ambienteyenergia.gob.ec\/ambiente\/wp-json\/wp\/v2\/comments?post=18323"}],"version-history":[{"count":0,"href":"https:\/\/www.ambienteyenergia.gob.ec\/ambiente\/wp-json\/wp\/v2\/posts\/18323\/revisions"}],"wp:featuredmedia":[{"embeddable":true,"href":"https:\/\/www.ambienteyenergia.gob.ec\/ambiente\/wp-json\/wp\/v2\/media\/18326"}],"wp:attachment":[{"href":"https:\/\/www.ambienteyenergia.gob.ec\/ambiente\/wp-json\/wp\/v2\/media?parent=18323"}],"wp:term":[{"taxonomy":"category","embeddable":true,"href":"https:\/\/www.ambienteyenergia.gob.ec\/ambiente\/wp-json\/wp\/v2\/categories?post=18323"},{"taxonomy":"post_tag","embeddable":true,"href":"https:\/\/www.ambienteyenergia.gob.ec\/ambiente\/wp-json\/wp\/v2\/tags?post=18323"}],"curies":[{"name":"wp","href":"https:\/\/api.w.org\/{rel}","templated":true}]}}