{"id":18311,"date":"2014-02-17T10:11:50","date_gmt":"2014-02-17T15:11:50","guid":{"rendered":"http:\/\/www.ambiente.gob.ec\/?p=18311"},"modified":"2014-02-17T12:55:13","modified_gmt":"2014-02-17T17:55:13","slug":"alrededor-de-300-personas-celebraron-el-dia-mundial-de-los-humedales-en-el-complejo-llanganati","status":"publish","type":"post","link":"https:\/\/www.ambienteyenergia.gob.ec\/ambiente\/alrededor-de-300-personas-celebraron-el-dia-mundial-de-los-humedales-en-el-complejo-llanganati\/","title":{"rendered":"Alrededor de 300 personas celebraron el D\u00eda Mundial de los Humedales en el Complejo Llanganati"},"content":{"rendered":"<p style=\"text-align: justify;\">El Ministerio del Ambiente (MAE), en coordinaci\u00f3n con el Gobierno Aut\u00f3nomo Descentralizado del cant\u00f3n Salcedo y las comunidades de Sacha y Cumbijin, celebraron este 14 de febrero el D\u00eda Internacional de los Humedales en el Complejo Llanganati, ubicado dentro del Parque Nacional Llanganates y declarado humedal en el a\u00f1o 2008. Con el objetivo de concienciar a la poblaci\u00f3n sobre la conservaci\u00f3n de estos espacios naturales se realiz\u00f3 una carrera de llamas.<\/p>\n<p style=\"text-align: justify;\">En el evento participaron alrededor de 300 personas entre estudiantes y pobladores de las comunidades que viven en la zona de amortiguamiento del \u00e1rea protegida. Omar Land\u00e1zuri, Director Provincial del Ambiente Tungurahua, dio la bienvenida a los asistentes y enfatiz\u00f3 en la importancia de relacionar a la gente con el p\u00e1ramo a trav\u00e9s de sus propias tradiciones, fomentando su protecci\u00f3n.<\/p>\n<p style=\"text-align: justify;\">Al ritmo de la m\u00fasica, se recorri\u00f3 a pie unos 3 Km por la v\u00eda Salcedo \u2013 Tena hasta el complejo lacustre de Anteojos, donde los protagonistas principales fueron las llamas y sus jinetes. Este a\u00f1o se inscribieron 17 participantes y compitieron en tres categor\u00edas solo para ni\u00f1os y ni\u00f1as.<\/p>\n<p style=\"text-align: justify;\">Luego de la carrera se eligi\u00f3 a la Llama S\u00edmbolo del Complejo Llanganati, que en este caso fue la de un poblador de la comunidad de Cumbijin. Asimismo, a los ganadores y participantes\u00a0 se les entreg\u00f3 premios e incentivos.<\/p>\n<p style=\"text-align: justify;\">Al final del programa, los ancianos de las comunidades de Sacha y Cumbijin llamados taitas y mamas, en lo alto del mirador de Anteojos realizaron un acto espiritual de agradecimiento al agua, aire y suelo.<\/p>\n<p style=\"text-align: justify;\">De esta manera,\u00a0 las personas vivieron y disfrutaron del p\u00e1ramo en los Llanganates con un mensaje de conservaci\u00f3n, protecci\u00f3n y cuidado de los p\u00e1ramos.<\/p>\n<p style=\"text-align: justify;\">El uso de llamas (especies de cam\u00e9lidos nativos\u00a0 andinos) es parte de la cotidianidad de estas familias, en las comunidades de Sacha, Cumbijin y Galp\u00f3n, quienes los usan como medio de transporte y de carga.<\/p>\n<p style=\"text-align: justify;\"><strong>El dato<\/strong><\/p>\n<p style=\"text-align: justify;\">El Complejo Llanganati tiene una extensi\u00f3n de 30 355 hect\u00e1reas y posee ecosistemas de p\u00e1ramo de pajonal, bosques andinos y lagunas\u00a0 donde habitan especies importantes como el Oso de Anteojos, C\u00f3ndores y aves acu\u00e1ticas.<\/p>\n<div id='gallery-1' class='gallery galleryid-18311 gallery-columns-3 gallery-size-thumbnail'><dl class='gallery-item'>\n\t\t\t<dt class='gallery-icon landscape'>\n\t\t\t\t<a href='https:\/\/www.ambienteyenergia.gob.ec\/ambiente\/alrededor-de-300-personas-celebraron-el-dia-mundial-de-los-humedales-en-el-complejo-llanganati\/s-27\/'><img loading=\"lazy\" decoding=\"async\" width=\"150\" height=\"150\" src=\"https:\/\/www.ambienteyenergia.gob.ec\/ambiente\/wp-content\/uploads\/sites\/2\/2014\/02\/DSC00212-150x150.jpg\" class=\"attachment-thumbnail size-thumbnail\" alt=\"\" \/><\/a>\n\t\t\t<\/dt><\/dl><dl class='gallery-item'>\n\t\t\t<dt class='gallery-icon landscape'>\n\t\t\t\t<a href='https:\/\/www.ambienteyenergia.gob.ec\/ambiente\/alrededor-de-300-personas-celebraron-el-dia-mundial-de-los-humedales-en-el-complejo-llanganati\/s-33\/'><img loading=\"lazy\" decoding=\"async\" width=\"150\" height=\"150\" src=\"https:\/\/www.ambienteyenergia.gob.ec\/ambiente\/wp-content\/uploads\/sites\/2\/2014\/02\/DSC00348-150x150.jpg\" class=\"attachment-thumbnail size-thumbnail\" alt=\"\" \/><\/a>\n\t\t\t<\/dt><\/dl><dl class='gallery-item'>\n\t\t\t<dt class='gallery-icon landscape'>\n\t\t\t\t<a href='https:\/\/www.ambienteyenergia.gob.ec\/ambiente\/alrededor-de-300-personas-celebraron-el-dia-mundial-de-los-humedales-en-el-complejo-llanganati\/s-32\/'><img loading=\"lazy\" decoding=\"async\" width=\"150\" height=\"150\" src=\"https:\/\/www.ambienteyenergia.gob.ec\/ambiente\/wp-content\/uploads\/sites\/2\/2014\/02\/DSC00346-150x150.jpg\" class=\"attachment-thumbnail size-thumbnail\" alt=\"\" \/><\/a>\n\t\t\t<\/dt><\/dl><br style=\"clear: both\" \/><dl class='gallery-item'>\n\t\t\t<dt class='gallery-icon landscape'>\n\t\t\t\t<a href='https:\/\/www.ambienteyenergia.gob.ec\/ambiente\/alrededor-de-300-personas-celebraron-el-dia-mundial-de-los-humedales-en-el-complejo-llanganati\/s-31\/'><img loading=\"lazy\" decoding=\"async\" width=\"150\" height=\"150\" src=\"https:\/\/www.ambienteyenergia.gob.ec\/ambiente\/wp-content\/uploads\/sites\/2\/2014\/02\/DSC00335-150x150.jpg\" class=\"attachment-thumbnail size-thumbnail\" alt=\"\" \/><\/a>\n\t\t\t<\/dt><\/dl><dl class='gallery-item'>\n\t\t\t<dt class='gallery-icon landscape'>\n\t\t\t\t<a href='https:\/\/www.ambienteyenergia.gob.ec\/ambiente\/alrededor-de-300-personas-celebraron-el-dia-mundial-de-los-humedales-en-el-complejo-llanganati\/s-30\/'><img loading=\"lazy\" decoding=\"async\" width=\"150\" height=\"150\" src=\"https:\/\/www.ambienteyenergia.gob.ec\/ambiente\/wp-content\/uploads\/sites\/2\/2014\/02\/DSC00320-150x150.jpg\" class=\"attachment-thumbnail size-thumbnail\" alt=\"\" \/><\/a>\n\t\t\t<\/dt><\/dl><dl class='gallery-item'>\n\t\t\t<dt class='gallery-icon landscape'>\n\t\t\t\t<a href='https:\/\/www.ambienteyenergia.gob.ec\/ambiente\/alrededor-de-300-personas-celebraron-el-dia-mundial-de-los-humedales-en-el-complejo-llanganati\/s-29\/'><img loading=\"lazy\" decoding=\"async\" width=\"150\" height=\"150\" src=\"https:\/\/www.ambienteyenergia.gob.ec\/ambiente\/wp-content\/uploads\/sites\/2\/2014\/02\/DSC00300-150x150.jpg\" class=\"attachment-thumbnail size-thumbnail\" alt=\"\" \/><\/a>\n\t\t\t<\/dt><\/dl><br style=\"clear: both\" \/><dl class='gallery-item'>\n\t\t\t<dt class='gallery-icon landscape'>\n\t\t\t\t<a href='https:\/\/www.ambienteyenergia.gob.ec\/ambiente\/alrededor-de-300-personas-celebraron-el-dia-mundial-de-los-humedales-en-el-complejo-llanganati\/s-28\/'><img loading=\"lazy\" decoding=\"async\" width=\"150\" height=\"150\" src=\"https:\/\/www.ambienteyenergia.gob.ec\/ambiente\/wp-content\/uploads\/sites\/2\/2014\/02\/DSC00217-150x150.jpg\" class=\"attachment-thumbnail size-thumbnail\" alt=\"\" \/><\/a>\n\t\t\t<\/dt><\/dl>\n\t\t\t<br style='clear: both' \/>\n\t\t<\/div>\n\n","protected":false},"excerpt":{"rendered":"<p class=\"excerpt\">El Ministerio del Ambiente (MAE), en coordinaci\u00f3n con el Gobierno Aut\u00f3nomo Descentralizado del cant\u00f3n Salcedo y las comunidades de Sacha y Cumbijin, celebraron este 14 de febrero el D\u00eda Internacional de los Humedales en el Complejo Llanganati, ubicado dentro del Parque Nacional Llanganates y declarado humedal en el a\u00f1o 2008. Con el objetivo de concienciar a la poblaci\u00f3n sobre la&hellip; <a href=\"https:\/\/www.ambienteyenergia.gob.ec\/ambiente\/alrededor-de-300-personas-celebraron-el-dia-mundial-de-los-humedales-en-el-complejo-llanganati\/\">Read more &rarr;<\/a><\/p>\n","protected":false},"author":13,"featured_media":18312,"comment_status":"open","ping_status":"open","sticky":false,"template":"","format":"standard","meta":{"footnotes":""},"categories":[16,4],"tags":[],"class_list":["post-18311","post","type-post","status-publish","format-standard","has-post-thumbnail","hentry","category-comunicamos","category-noticias","xfolkentry"],"_links":{"self":[{"href":"https:\/\/www.ambienteyenergia.gob.ec\/ambiente\/wp-json\/wp\/v2\/posts\/18311","targetHints":{"allow":["GET"]}}],"collection":[{"href":"https:\/\/www.ambienteyenergia.gob.ec\/ambiente\/wp-json\/wp\/v2\/posts"}],"about":[{"href":"https:\/\/www.ambienteyenergia.gob.ec\/ambiente\/wp-json\/wp\/v2\/types\/post"}],"author":[{"embeddable":true,"href":"https:\/\/www.ambienteyenergia.gob.ec\/ambiente\/wp-json\/wp\/v2\/users\/13"}],"replies":[{"embeddable":true,"href":"https:\/\/www.ambienteyenergia.gob.ec\/ambiente\/wp-json\/wp\/v2\/comments?post=18311"}],"version-history":[{"count":0,"href":"https:\/\/www.ambienteyenergia.gob.ec\/ambiente\/wp-json\/wp\/v2\/posts\/18311\/revisions"}],"wp:featuredmedia":[{"embeddable":true,"href":"https:\/\/www.ambienteyenergia.gob.ec\/ambiente\/wp-json\/wp\/v2\/media\/18312"}],"wp:attachment":[{"href":"https:\/\/www.ambienteyenergia.gob.ec\/ambiente\/wp-json\/wp\/v2\/media?parent=18311"}],"wp:term":[{"taxonomy":"category","embeddable":true,"href":"https:\/\/www.ambienteyenergia.gob.ec\/ambiente\/wp-json\/wp\/v2\/categories?post=18311"},{"taxonomy":"post_tag","embeddable":true,"href":"https:\/\/www.ambienteyenergia.gob.ec\/ambiente\/wp-json\/wp\/v2\/tags?post=18311"}],"curies":[{"name":"wp","href":"https:\/\/api.w.org\/{rel}","templated":true}]}}