{"id":18307,"date":"2014-02-14T16:46:15","date_gmt":"2014-02-14T21:46:15","guid":{"rendered":"http:\/\/www.ambiente.gob.ec\/?p=18307"},"modified":"2014-02-14T16:46:15","modified_gmt":"2014-02-14T21:46:15","slug":"ecuador-suscribio-convenio-con-el-gobierno-aleman-para-conservacion-de-bosques","status":"publish","type":"post","link":"https:\/\/www.ambienteyenergia.gob.ec\/ambiente\/ecuador-suscribio-convenio-con-el-gobierno-aleman-para-conservacion-de-bosques\/","title":{"rendered":"Ecuador suscribi\u00f3 convenio con el Gobierno Alem\u00e1n para conservaci\u00f3n de bosques"},"content":{"rendered":"<p style=\"text-align: justify;\">Hoy, la Ministra del Ambiente, Lorena Tapia, particip\u00f3 en la Consulta Intergubernamental sobre Cooperaci\u00f3n para el Desarrollo entre el Gobierno de la Rep\u00fablica del Ecuador y el Gobierno de la Rep\u00fablica Federal de Alemania, que se desarroll\u00f3 en el sal\u00f3n Los Pr\u00f3ceres de la Canciller\u00eda. El objetivo fue suscribir convenios y llegar a acuerdos bilaterales, que beneficien a los sectores priorizados por ambos pa\u00edses.<\/p>\n<p style=\"text-align: justify;\">Al acto asistieron representantes del Gobierno de Alemania, entre los que se destacaron el Embajador de Alemania en el Ecuador, Alexander Olbrich y Pa\u00fal Garaycochea, Jefe de la Unidad Am\u00e9rica del Sur del Ministerio de Cooperaci\u00f3n Econ\u00f3mica y Desarrollo &#8211; BMZ, as\u00ed como representantes de la Cooperaci\u00f3n T\u00e9cnica y Financiera, GIZ y KfW; por parte del Ecuador participaron Gabriela Rosero, Secretar\u00eda T\u00e9cnica de Cooperaci\u00f3n Internacional, Fernando Y\u00e9pez, Subsecretario de Am\u00e9rica del Norte y Europa del Ministerio de Relaciones Exteriores y Movilidad Humana, y los Subsecretarios de Patrimonio Natural y Cambio Clim\u00e1tico del Ministerio del Ambiente, Christian Ter\u00e1n y Eduardo Noboa, respectivamente.<\/p>\n<p style=\"text-align: justify;\">En la reuni\u00f3n oficial se dio seguimiento a los Programas de inversi\u00f3n de Cambio Clim\u00e1tico y Patrimonio Natural, as\u00ed como a los nuevos programas vinculados a Biodiversidad, Cambio Clim\u00e1tico y Desarrollo Sostenible; asimismo se acord\u00f3 retomar los compromisos establecidos respecto de la Reserva Bi\u00f3sfera Yasun\u00ed, en las negociaciones de octubre de 2012, los cuales contribuyen a la conservaci\u00f3n y el desarrollo sostenible del pa\u00eds.<\/p>\n<p style=\"text-align: justify;\">Por otra parte se concret\u00f3 la suscripci\u00f3n del Contrato de Aporte Financiero del Programa Conservaci\u00f3n de Bosques y REDD+, a trav\u00e9s del cual se continuar\u00e1 con actividades complementarias al esfuerzo del estado ecuatoriano de contribuir a la conservaci\u00f3n, integridad ecol\u00f3gica, cultural y al desarrollo sostenible, promoviendo la participaci\u00f3n de actores locales.<\/p>\n<p style=\"text-align: justify;\">Este trabajo compartido hace posible un desarrollo efectivo de un sistema nacional de monitoreo forestal con miras al desarrollo de mecanismos de implementaci\u00f3n, enfocados a reducir las emisiones por deforestaci\u00f3n y degradaci\u00f3n forestal, a trav\u00e9s de incentivos como Socio Bosque.<\/p>\n<p style=\"text-align: justify;\">\u00abPara m\u00ed es un honor estar aqu\u00ed, para la suscripci\u00f3n de este convenio entre el Gobierno de Ecuador y la Cooperaci\u00f3n Alemana, en un proceso que sin duda, es exitoso y trae buenas noticias porque permitir\u00e1 seguir avanzando\u00bb, asegur\u00f3 la M\u00e1xima Autoridad Ambiental.<\/p>\n<p style=\"text-align: justify;\">Asimismo, la Ministra Tapia afirm\u00f3 que \u00abeste convenio permitir\u00e1 la construcci\u00f3n de un sistema nacional de monitoreo forestal, que reducir\u00e1 presiones por deforestaci\u00f3n y degradaci\u00f3n de nuestros bosques\u00bb.<\/p>\n<p style=\"text-align: justify;\">De igual forma, Tapia se\u00f1al\u00f3 que el MAE seguir\u00e1 avanzando en una l\u00ednea estrat\u00e9gica apuntalando uno de los proyectos m\u00e1s exitosos como es el Programa Socio Bosque. \u00abPero a esto se suma la construcci\u00f3n de una pol\u00edtica p\u00fablica para el Gobierno ecuatoriano, que acerque a los ciudadanos a los bosques\u00bb.<\/p>\n<p style=\"text-align: justify;\">Finalmente, la Secretaria de Estado recalc\u00f3 que \u00abse trabajar\u00e1 en el fortalecimiento de los derechos de la naturaleza, bioseguridad, bioconocimiento y tambi\u00e9n toda la pol\u00edtica relacionada a la institucionalidad de nuestras \u00e1reas protegidas, que hace una vez m\u00e1s visibles las l\u00edneas de acci\u00f3n del Gobierno Nacional, respecto a la conservaci\u00f3n de nuestros ecosistemas como un punto fundamental de su gesti\u00f3n.<\/p>\n<p style=\"text-align: justify;\">Por su parte, Pa\u00fal Garaycochea agradeci\u00f3 a la Ministra Tapia y felicit\u00f3 la iniciativa del Gobierno de firmar convenios como \u00e9ste. \u00abCreo que es una base muy s\u00f3lida para seguir adelante en las exitosas iniciativas que realiza el Gobierno ecuatoriano para la conservaci\u00f3n de su biodiversidad y sus bosques\u00bb.<\/p>\n","protected":false},"excerpt":{"rendered":"<p class=\"excerpt\">Hoy, la Ministra del Ambiente, Lorena Tapia, particip\u00f3 en la Consulta Intergubernamental sobre Cooperaci\u00f3n para el Desarrollo entre el Gobierno de la Rep\u00fablica del Ecuador y el Gobierno de la Rep\u00fablica Federal de Alemania, que se desarroll\u00f3 en el sal\u00f3n Los Pr\u00f3ceres de la Canciller\u00eda. El objetivo fue suscribir convenios y llegar a acuerdos bilaterales, que beneficien a los sectores&hellip; <a href=\"https:\/\/www.ambienteyenergia.gob.ec\/ambiente\/ecuador-suscribio-convenio-con-el-gobierno-aleman-para-conservacion-de-bosques\/\">Read more &rarr;<\/a><\/p>\n","protected":false},"author":13,"featured_media":18309,"comment_status":"open","ping_status":"open","sticky":false,"template":"","format":"standard","meta":{"footnotes":""},"categories":[16,4,10],"tags":[],"class_list":["post-18307","post","type-post","status-publish","format-standard","has-post-thumbnail","hentry","category-comunicamos","category-noticias","category-noticias-destacadas","xfolkentry"],"_links":{"self":[{"href":"https:\/\/www.ambienteyenergia.gob.ec\/ambiente\/wp-json\/wp\/v2\/posts\/18307","targetHints":{"allow":["GET"]}}],"collection":[{"href":"https:\/\/www.ambienteyenergia.gob.ec\/ambiente\/wp-json\/wp\/v2\/posts"}],"about":[{"href":"https:\/\/www.ambienteyenergia.gob.ec\/ambiente\/wp-json\/wp\/v2\/types\/post"}],"author":[{"embeddable":true,"href":"https:\/\/www.ambienteyenergia.gob.ec\/ambiente\/wp-json\/wp\/v2\/users\/13"}],"replies":[{"embeddable":true,"href":"https:\/\/www.ambienteyenergia.gob.ec\/ambiente\/wp-json\/wp\/v2\/comments?post=18307"}],"version-history":[{"count":0,"href":"https:\/\/www.ambienteyenergia.gob.ec\/ambiente\/wp-json\/wp\/v2\/posts\/18307\/revisions"}],"wp:featuredmedia":[{"embeddable":true,"href":"https:\/\/www.ambienteyenergia.gob.ec\/ambiente\/wp-json\/wp\/v2\/media\/18309"}],"wp:attachment":[{"href":"https:\/\/www.ambienteyenergia.gob.ec\/ambiente\/wp-json\/wp\/v2\/media?parent=18307"}],"wp:term":[{"taxonomy":"category","embeddable":true,"href":"https:\/\/www.ambienteyenergia.gob.ec\/ambiente\/wp-json\/wp\/v2\/categories?post=18307"},{"taxonomy":"post_tag","embeddable":true,"href":"https:\/\/www.ambienteyenergia.gob.ec\/ambiente\/wp-json\/wp\/v2\/tags?post=18307"}],"curies":[{"name":"wp","href":"https:\/\/api.w.org\/{rel}","templated":true}]}}