{"id":18305,"date":"2014-02-14T14:32:54","date_gmt":"2014-02-14T19:32:54","guid":{"rendered":"http:\/\/www.ambiente.gob.ec\/?p=18305"},"modified":"2014-02-14T14:32:54","modified_gmt":"2014-02-14T19:32:54","slug":"mae-informa-sobre-operativos-de-control-forestal-en-pastaza","status":"publish","type":"post","link":"https:\/\/www.ambienteyenergia.gob.ec\/ambiente\/mae-informa-sobre-operativos-de-control-forestal-en-pastaza\/","title":{"rendered":"MAE informa sobre Operativos de Control Forestal en Pastaza"},"content":{"rendered":"<p style=\"text-align: justify;\">El Ministerio del Ambiente del Ecuador (MAE), a trav\u00e9s de la Direcci\u00f3n Provincial de Pastaza, realiz\u00f3 varios operativos de control forestal, con la finalidad de reducir el tr\u00e1fico ilegal de madera. Durante los dos primeros meses del a\u00f1o se ejecutaron controles integrados para preservar el patrimonio natural de este territorio.<\/p>\n<ul style=\"text-align: justify;\">\n<li>El 8 de enero, en el sector Bol\u00edvar v\u00eda a San Virgilio, se realiz\u00f3 una inspecci\u00f3n de campo evidenciando 1.56m<sup>3<\/sup> de madera de dudosa prosedencia.<\/li>\n<li>El 22 de enero en el sector 24 de Mayo cant\u00f3n Mera, se retir\u00f3 7.53m<sup>3 <\/sup>de producto forestal.<\/li>\n<li>El 3 de febrero, en el sector el Danubio v\u00eda a Macas, se procedi\u00f3 a detener un cami\u00f3n, marca HINO, color blanco, de placas ABB 2073, que trasportaba madera, sin las gu\u00eda de movilizaci\u00f3n que la ley exige.<\/li>\n<li>El 8 de febrero, en el aeropuerto de Shell, se retuvo una camioneta, marca Chevrolet color de plomo de placas PBO 0137, que trasportaba producto forestal sin los permisos.<\/li>\n<\/ul>\n<p style=\"text-align: justify;\">El MAE, ejecuta este tipo de inspecciones para verificar que todos los comerciantes de madera, tengan los permisos requeridos por la Cartera de Estado.<\/p>\n<p style=\"text-align: justify;\">La conservaci\u00f3n de los bosques y el manejo sustentable de recursos forestales son una prioridad para la M\u00e1xima Autoridad Ambiental. Adem\u00e1s, de contribuir al crecimiento econ\u00f3mico y al desarrollo social de los ecautorianos.<\/p>\n","protected":false},"excerpt":{"rendered":"<p class=\"excerpt\">El Ministerio del Ambiente del Ecuador (MAE), a trav\u00e9s de la Direcci\u00f3n Provincial de Pastaza, realiz\u00f3 varios operativos de control forestal, con la finalidad de reducir el tr\u00e1fico ilegal de madera. Durante los dos primeros meses del a\u00f1o se ejecutaron controles integrados para preservar el patrimonio natural de este territorio. El 8 de enero, en el sector Bol\u00edvar v\u00eda a&hellip; <a href=\"https:\/\/www.ambienteyenergia.gob.ec\/ambiente\/mae-informa-sobre-operativos-de-control-forestal-en-pastaza\/\">Read more &rarr;<\/a><\/p>\n","protected":false},"author":13,"featured_media":17364,"comment_status":"open","ping_status":"open","sticky":false,"template":"","format":"standard","meta":{"footnotes":""},"categories":[16,4],"tags":[],"class_list":["post-18305","post","type-post","status-publish","format-standard","has-post-thumbnail","hentry","category-comunicamos","category-noticias","xfolkentry"],"_links":{"self":[{"href":"https:\/\/www.ambienteyenergia.gob.ec\/ambiente\/wp-json\/wp\/v2\/posts\/18305","targetHints":{"allow":["GET"]}}],"collection":[{"href":"https:\/\/www.ambienteyenergia.gob.ec\/ambiente\/wp-json\/wp\/v2\/posts"}],"about":[{"href":"https:\/\/www.ambienteyenergia.gob.ec\/ambiente\/wp-json\/wp\/v2\/types\/post"}],"author":[{"embeddable":true,"href":"https:\/\/www.ambienteyenergia.gob.ec\/ambiente\/wp-json\/wp\/v2\/users\/13"}],"replies":[{"embeddable":true,"href":"https:\/\/www.ambienteyenergia.gob.ec\/ambiente\/wp-json\/wp\/v2\/comments?post=18305"}],"version-history":[{"count":0,"href":"https:\/\/www.ambienteyenergia.gob.ec\/ambiente\/wp-json\/wp\/v2\/posts\/18305\/revisions"}],"wp:featuredmedia":[{"embeddable":true,"href":"https:\/\/www.ambienteyenergia.gob.ec\/ambiente\/wp-json\/wp\/v2\/media\/17364"}],"wp:attachment":[{"href":"https:\/\/www.ambienteyenergia.gob.ec\/ambiente\/wp-json\/wp\/v2\/media?parent=18305"}],"wp:term":[{"taxonomy":"category","embeddable":true,"href":"https:\/\/www.ambienteyenergia.gob.ec\/ambiente\/wp-json\/wp\/v2\/categories?post=18305"},{"taxonomy":"post_tag","embeddable":true,"href":"https:\/\/www.ambienteyenergia.gob.ec\/ambiente\/wp-json\/wp\/v2\/tags?post=18305"}],"curies":[{"name":"wp","href":"https:\/\/api.w.org\/{rel}","templated":true}]}}