{"id":18303,"date":"2014-02-14T14:17:11","date_gmt":"2014-02-14T19:17:11","guid":{"rendered":"http:\/\/www.ambiente.gob.ec\/?p=18303"},"modified":"2014-02-14T14:17:11","modified_gmt":"2014-02-14T19:17:11","slug":"se-niega-recurso-de-apelacion-interpuesto-por-representante-de-la-fundacion-pachamama","status":"publish","type":"post","link":"https:\/\/www.ambienteyenergia.gob.ec\/ambiente\/se-niega-recurso-de-apelacion-interpuesto-por-representante-de-la-fundacion-pachamama\/","title":{"rendered":"Se niega Recurso de Apelaci\u00f3n interpuesto por representante de la Fundaci\u00f3n Pachamama"},"content":{"rendered":"<p style=\"text-align: justify;\">El pasado 11 de febrero de 2014, luego de la tramitaci\u00f3n del Recurso de Apelaci\u00f3n interpuesto por el representante de la Fundaci\u00f3n Pachamama, contra el Acuerdo Ministerial No. 125 de Disoluci\u00f3n de oficio de la mencionada organizaci\u00f3n social, se emiti\u00f3 resoluci\u00f3n que lo niega de forma motivada y pormenorizada, desmintiendo punto por punto cada aseveraci\u00f3n de los miembros de la Fundaci\u00f3n, en lo relacionado a violaciones de derechos y libertades constitucionales.<\/p>\n<p style=\"text-align: justify;\">Con esto, nuevamente qued\u00f3 expuesto y comprobado de forma irrefutable, que la Fundaci\u00f3n Pachamama incurri\u00f3 en las causales disoluci\u00f3n: No. 2 \u201c Desviarse de los fines y objetivos para los cuales fue constituida \u201d y No. 7 \u201c Dedicarse a actividades de pol\u00edtica partidista, reservadas a los partidos y movimientos pol\u00edticos inscritos en el Consejo Nacional Electoral, de injerencia en pol\u00edticas p\u00fablicas que atente contra la seguridad interna o externa del Estado, que afecten la paz p\u00fablica \u201d, del Art. 26 del Reglamento para el Funcionamiento del Sistema Unificado de Informaci\u00f3n de las Organizaciones Sociales y Ciudadanas.<\/p>\n<p style=\"text-align: justify;\">Esta Cartera de Estado, recalca que la Fundaci\u00f3n Pachamama fue disuelta no solo porque se demostr\u00f3 su injerencia en pol\u00edticas p\u00fablicas atentando contra la seguridad interna del Estado, a trav\u00e9s de su participaci\u00f3n en la convocatoria y en la manifestaci\u00f3n violenta efectuada el 28 de noviembre de 2013, luego de finalizada la XI Ronda Petrolera, sino que adem\u00e1s existe suficiente evidencia de que dicha organizaci\u00f3n social se desvi\u00f3 de los fines y objetivos para los que fue creada y no coordin\u00f3 sus acciones con el Ministerio del Ambiente del Ecuador, situaci\u00f3n que inclusive estaba regulada en su propio Estatuto como causal de disoluci\u00f3n.<\/p>\n<p style=\"text-align: justify;\">Por lo tanto se neg\u00f3 el Recurso de Apelaci\u00f3n interpuesto por la Fundaci\u00f3n Pachamama, como clara muestra de que incurri\u00f3 en faltas graves a la normativa que regula a dichas organizaciones sociales.<\/p>\n","protected":false},"excerpt":{"rendered":"<p class=\"excerpt\">El pasado 11 de febrero de 2014, luego de la tramitaci\u00f3n del Recurso de Apelaci\u00f3n interpuesto por el representante de la Fundaci\u00f3n Pachamama, contra el Acuerdo Ministerial No. 125 de Disoluci\u00f3n de oficio de la mencionada organizaci\u00f3n social, se emiti\u00f3 resoluci\u00f3n que lo niega de forma motivada y pormenorizada, desmintiendo punto por punto cada aseveraci\u00f3n de los miembros de la&hellip; <a href=\"https:\/\/www.ambienteyenergia.gob.ec\/ambiente\/se-niega-recurso-de-apelacion-interpuesto-por-representante-de-la-fundacion-pachamama\/\">Read more &rarr;<\/a><\/p>\n","protected":false},"author":13,"featured_media":17364,"comment_status":"open","ping_status":"open","sticky":false,"template":"","format":"standard","meta":{"footnotes":""},"categories":[16,4],"tags":[],"class_list":["post-18303","post","type-post","status-publish","format-standard","has-post-thumbnail","hentry","category-comunicamos","category-noticias","xfolkentry"],"_links":{"self":[{"href":"https:\/\/www.ambienteyenergia.gob.ec\/ambiente\/wp-json\/wp\/v2\/posts\/18303","targetHints":{"allow":["GET"]}}],"collection":[{"href":"https:\/\/www.ambienteyenergia.gob.ec\/ambiente\/wp-json\/wp\/v2\/posts"}],"about":[{"href":"https:\/\/www.ambienteyenergia.gob.ec\/ambiente\/wp-json\/wp\/v2\/types\/post"}],"author":[{"embeddable":true,"href":"https:\/\/www.ambienteyenergia.gob.ec\/ambiente\/wp-json\/wp\/v2\/users\/13"}],"replies":[{"embeddable":true,"href":"https:\/\/www.ambienteyenergia.gob.ec\/ambiente\/wp-json\/wp\/v2\/comments?post=18303"}],"version-history":[{"count":0,"href":"https:\/\/www.ambienteyenergia.gob.ec\/ambiente\/wp-json\/wp\/v2\/posts\/18303\/revisions"}],"wp:featuredmedia":[{"embeddable":true,"href":"https:\/\/www.ambienteyenergia.gob.ec\/ambiente\/wp-json\/wp\/v2\/media\/17364"}],"wp:attachment":[{"href":"https:\/\/www.ambienteyenergia.gob.ec\/ambiente\/wp-json\/wp\/v2\/media?parent=18303"}],"wp:term":[{"taxonomy":"category","embeddable":true,"href":"https:\/\/www.ambienteyenergia.gob.ec\/ambiente\/wp-json\/wp\/v2\/categories?post=18303"},{"taxonomy":"post_tag","embeddable":true,"href":"https:\/\/www.ambienteyenergia.gob.ec\/ambiente\/wp-json\/wp\/v2\/tags?post=18303"}],"curies":[{"name":"wp","href":"https:\/\/api.w.org\/{rel}","templated":true}]}}