{"id":18293,"date":"2014-02-13T17:00:25","date_gmt":"2014-02-13T22:00:25","guid":{"rendered":"http:\/\/www.ambiente.gob.ec\/?p=18293"},"modified":"2014-02-14T10:27:54","modified_gmt":"2014-02-14T15:27:54","slug":"mae-decomisa-62m-cubicos-de-madera-ilegal-en-la-via-guamote-macas","status":"publish","type":"post","link":"https:\/\/www.ambienteyenergia.gob.ec\/ambiente\/mae-decomisa-62m-cubicos-de-madera-ilegal-en-la-via-guamote-macas\/","title":{"rendered":"MAE decomisa 62m c\u00fabicos de madera ilegal en la v\u00eda Guamote &#8211; Macas"},"content":{"rendered":"<p style=\"text-align: justify;\">Hoy, funcionarios del Ministerio del Ambiente del Ecuador (MAE), conjuntamente con el personal de la Unidad de Protecci\u00f3n del Medio Ambiente (UPMA), decomisaron cuatro veh\u00edculos en un operativo de control forestal en la provincia de Chimborazo.<\/p>\n<p style=\"text-align: justify;\">La inspecci\u00f3n realizada por la Unidad de Patrimonio Natural del MAE, dio como resultado un total de 62.5 m3 de madera confiscada. Entre las especies forestales identificadas est\u00e1n: doncel, sap\u00e1n de paloma, guarumo, higuer\u00f3n, sangre de gallina y laurel.<\/p>\n<p style=\"text-align: justify;\">Los cuatro camiones retenidos no pose\u00edan los documentos habilitantes (gu\u00eda de movilizaci\u00f3n, permiso otorgado por esta cartera de Estado para poder transportar madera), por lo que se procedi\u00f3 a su detenci\u00f3n,\u00a0 como lo estipula la ley.\u00a0 La acci\u00f3n es amparada bajo el Art. 43 de la codificaci\u00f3n de la Ley Forestal y de Conservaci\u00f3n de \u00c1reas Naturales y Vida Silvestre, en la que se se\u00f1ala que el Ministerio del Ambiente vigilar\u00e1 todas las etapas primarias de producci\u00f3n, tenencia, aprovechamiento y comercializaci\u00f3n de materias primas forestales.<\/p>\n<p style=\"text-align: justify;\">El MAE, como principal autoridad ambiental, iniciar\u00e1 con los respectivos procesos administrativos y legales contra los presuntos sospechosos y velar\u00e1 por el cumplimiento de la normativa ambiental vigente. Estos operativos continuar\u00e1n con el fin de evitar actividades ilegales como la comercializaci\u00f3n y para impulsar un adecuado sistema de Control Forestal.<\/p>\n<div id='gallery-1' class='gallery galleryid-18293 gallery-columns-3 gallery-size-thumbnail'><dl class='gallery-item'>\n\t\t\t<dt class='gallery-icon landscape'>\n\t\t\t\t<a href='https:\/\/www.ambienteyenergia.gob.ec\/ambiente\/mae-decomisa-62m-cubicos-de-madera-ilegal-en-la-via-guamote-macas\/b-4\/'><img loading=\"lazy\" decoding=\"async\" width=\"150\" height=\"150\" src=\"https:\/\/www.ambienteyenergia.gob.ec\/ambiente\/wp-content\/uploads\/sites\/2\/2014\/02\/b2-150x150.jpg\" class=\"attachment-thumbnail size-thumbnail\" alt=\"\" \/><\/a>\n\t\t\t<\/dt><\/dl><dl class='gallery-item'>\n\t\t\t<dt class='gallery-icon landscape'>\n\t\t\t\t<a href='https:\/\/www.ambienteyenergia.gob.ec\/ambiente\/mae-decomisa-62m-cubicos-de-madera-ilegal-en-la-via-guamote-macas\/c-4\/'><img loading=\"lazy\" decoding=\"async\" width=\"150\" height=\"150\" src=\"https:\/\/www.ambienteyenergia.gob.ec\/ambiente\/wp-content\/uploads\/sites\/2\/2014\/02\/c2-150x150.jpg\" class=\"attachment-thumbnail size-thumbnail\" alt=\"\" \/><\/a>\n\t\t\t<\/dt><\/dl>\n\t\t\t<br style='clear: both' \/>\n\t\t<\/div>\n\n","protected":false},"excerpt":{"rendered":"<p class=\"excerpt\">Hoy, funcionarios del Ministerio del Ambiente del Ecuador (MAE), conjuntamente con el personal de la Unidad de Protecci\u00f3n del Medio Ambiente (UPMA), decomisaron cuatro veh\u00edculos en un operativo de control forestal en la provincia de Chimborazo. La inspecci\u00f3n realizada por la Unidad de Patrimonio Natural del MAE, dio como resultado un total de 62.5 m3 de madera confiscada. Entre las&hellip; <a href=\"https:\/\/www.ambienteyenergia.gob.ec\/ambiente\/mae-decomisa-62m-cubicos-de-madera-ilegal-en-la-via-guamote-macas\/\">Read more &rarr;<\/a><\/p>\n","protected":false},"author":13,"featured_media":18297,"comment_status":"open","ping_status":"open","sticky":false,"template":"","format":"standard","meta":{"footnotes":""},"categories":[16,4],"tags":[],"class_list":["post-18293","post","type-post","status-publish","format-standard","has-post-thumbnail","hentry","category-comunicamos","category-noticias","xfolkentry"],"_links":{"self":[{"href":"https:\/\/www.ambienteyenergia.gob.ec\/ambiente\/wp-json\/wp\/v2\/posts\/18293","targetHints":{"allow":["GET"]}}],"collection":[{"href":"https:\/\/www.ambienteyenergia.gob.ec\/ambiente\/wp-json\/wp\/v2\/posts"}],"about":[{"href":"https:\/\/www.ambienteyenergia.gob.ec\/ambiente\/wp-json\/wp\/v2\/types\/post"}],"author":[{"embeddable":true,"href":"https:\/\/www.ambienteyenergia.gob.ec\/ambiente\/wp-json\/wp\/v2\/users\/13"}],"replies":[{"embeddable":true,"href":"https:\/\/www.ambienteyenergia.gob.ec\/ambiente\/wp-json\/wp\/v2\/comments?post=18293"}],"version-history":[{"count":0,"href":"https:\/\/www.ambienteyenergia.gob.ec\/ambiente\/wp-json\/wp\/v2\/posts\/18293\/revisions"}],"wp:featuredmedia":[{"embeddable":true,"href":"https:\/\/www.ambienteyenergia.gob.ec\/ambiente\/wp-json\/wp\/v2\/media\/18297"}],"wp:attachment":[{"href":"https:\/\/www.ambienteyenergia.gob.ec\/ambiente\/wp-json\/wp\/v2\/media?parent=18293"}],"wp:term":[{"taxonomy":"category","embeddable":true,"href":"https:\/\/www.ambienteyenergia.gob.ec\/ambiente\/wp-json\/wp\/v2\/categories?post=18293"},{"taxonomy":"post_tag","embeddable":true,"href":"https:\/\/www.ambienteyenergia.gob.ec\/ambiente\/wp-json\/wp\/v2\/tags?post=18293"}],"curies":[{"name":"wp","href":"https:\/\/api.w.org\/{rel}","templated":true}]}}