{"id":18283,"date":"2014-02-13T16:29:43","date_gmt":"2014-02-13T21:29:43","guid":{"rendered":"http:\/\/www.ambiente.gob.ec\/?p=18283"},"modified":"2014-02-13T16:45:58","modified_gmt":"2014-02-13T21:45:58","slug":"la-ministra-lorena-tapia-presento-el-plan-de-restauracion-ambiental-paisajistica-cerro-casitagua-y-catequilla-en-el-edificio-unasur","status":"publish","type":"post","link":"https:\/\/www.ambienteyenergia.gob.ec\/ambiente\/la-ministra-lorena-tapia-presento-el-plan-de-restauracion-ambiental-paisajistica-cerro-casitagua-y-catequilla-en-el-edificio-unasur\/","title":{"rendered":"Ministra Lorena Tapia present\u00f3 el Plan de Restauraci\u00f3n Ambiental Paisaj\u00edstica de los cerros Casitagua y Catequilla en el edificio UNASUR"},"content":{"rendered":"<p style=\"text-align: justify;\">Hoy, la Ministra Lorena Tapia particip\u00f3 en el recorrido realizado por el Presidente de la Rep\u00fablica Rafael Correa, el Ministerio de Transporte y Obras P\u00fablicas, el Municipio del Distrito Metropolitano de Quito y el Servicio de Contrataci\u00f3n de Obras al edificio en construcci\u00f3n de la Uni\u00f3n de Naciones Sudamericanas (UNASUR). Con esta edificaci\u00f3n se pretende posicionar a Quito como un lugar estrat\u00e9gico para la integraci\u00f3n de los Estados.<\/p>\n<p style=\"text-align: justify;\">El Proyecto Integral UNASUR comprende una edificaci\u00f3n de tres plantas altas y dos subsuelos revestidos de vidrio y aluminio, rodeado por\u00a0 80 000 metros cuadrados de \u00e1reas\u00a0 verdes.<\/p>\n<p style=\"text-align: justify;\">En esta iniciativa la intervenci\u00f3n del Ministerio del Ambiente (MAE) comprende la\u00a0 Restauraci\u00f3n Paisaj\u00edstica de los cerros Casitagua y Catequilla, a trav\u00e9s de la regeneraci\u00f3n ambiental de 40 ha, el riego por micro-goteo sistematizado, la implementaci\u00f3n de un reservorio de 2500 m3 de capacidad, (para el riego y uso en emergencias en caso de incendios) y la construcci\u00f3n de una Planta de tratamiento para el agua proveniente del pozo San Antonio de Pichincha.<\/p>\n<p style=\"text-align: justify;\">\u00a0\u201cRehabilitar el Cerro Casitagua y Catequilla constituye un reto, pues es muy \u00e1rido y su nivel de sequia es alto, como Ministerio vamos a responder a este compromiso. La entrada de la UNASUR tendr\u00e1 espacios verdes y permitir\u00e1\u00a0 una mejor calidad de vida desde la perspectiva ambiental para los que habitan en el lugar\u201d asegur\u00f3 la Ministra Tapia.<\/p>\n<p style=\"text-align: justify;\">Para finalizar el Presidente de la Rep\u00fablica Rafael Correa asever\u00f3,\u00a0 \u00abNo hay capital en Am\u00e9rica Latina que tenga tantos mega proyectos como tiene nuestro querido Quito, tenemos el nuevo aeropuerto, el sistema de v\u00edas, la recuperaci\u00f3n del centro hist\u00f3rico, la creaci\u00f3n de plataformas p\u00fablicas, el metro y ahora una edificaci\u00f3n de vanguardia \u00fanica en el pa\u00eds y el mundo como es la sede de UNASUR\u00bb<\/p>\n<p style=\"text-align: justify;\">El MAE como M\u00e1xima Autoridad Ambiental est\u00e1 comprometida con esta iniciativa, a fin de proporcionar espacios verdes rehabilitados para los ecuatorianos, a trav\u00e9s de la aplicaci\u00f3n de estrategias que enfrenten el da\u00f1o ambiental presente en la Parroquia de San Antonio de Pichincha.<\/p>\n<div id='gallery-1' class='gallery galleryid-18283 gallery-columns-3 gallery-size-thumbnail'><dl class='gallery-item'>\n\t\t\t<dt class='gallery-icon landscape'>\n\t\t\t\t<a href='https:\/\/www.ambienteyenergia.gob.ec\/ambiente\/la-ministra-lorena-tapia-presento-el-plan-de-restauracion-ambiental-paisajistica-cerro-casitagua-y-catequilla-en-el-edificio-unasur\/img_3390\/'><img loading=\"lazy\" decoding=\"async\" width=\"150\" height=\"150\" src=\"https:\/\/www.ambienteyenergia.gob.ec\/ambiente\/wp-content\/uploads\/sites\/2\/2014\/02\/IMG_3390-150x150.jpg\" class=\"attachment-thumbnail size-thumbnail\" alt=\"\" \/><\/a>\n\t\t\t<\/dt><\/dl><dl class='gallery-item'>\n\t\t\t<dt class='gallery-icon landscape'>\n\t\t\t\t<a href='https:\/\/www.ambienteyenergia.gob.ec\/ambiente\/la-ministra-lorena-tapia-presento-el-plan-de-restauracion-ambiental-paisajistica-cerro-casitagua-y-catequilla-en-el-edificio-unasur\/22-3\/'><img loading=\"lazy\" decoding=\"async\" width=\"150\" height=\"150\" src=\"https:\/\/www.ambienteyenergia.gob.ec\/ambiente\/wp-content\/uploads\/sites\/2\/2014\/02\/221-150x150.jpg\" class=\"attachment-thumbnail size-thumbnail\" alt=\"\" \/><\/a>\n\t\t\t<\/dt><\/dl>\n\t\t\t<br style='clear: both' \/>\n\t\t<\/div>\n\n","protected":false},"excerpt":{"rendered":"<p class=\"excerpt\">Hoy, la Ministra Lorena Tapia particip\u00f3 en el recorrido realizado por el Presidente de la Rep\u00fablica Rafael Correa, el Ministerio de Transporte y Obras P\u00fablicas, el Municipio del Distrito Metropolitano de Quito y el Servicio de Contrataci\u00f3n de Obras al edificio en construcci\u00f3n de la Uni\u00f3n de Naciones Sudamericanas (UNASUR). Con esta edificaci\u00f3n se pretende posicionar a Quito como un&hellip; <a href=\"https:\/\/www.ambienteyenergia.gob.ec\/ambiente\/la-ministra-lorena-tapia-presento-el-plan-de-restauracion-ambiental-paisajistica-cerro-casitagua-y-catequilla-en-el-edificio-unasur\/\">Read more &rarr;<\/a><\/p>\n","protected":false},"author":13,"featured_media":18286,"comment_status":"open","ping_status":"open","sticky":false,"template":"","format":"standard","meta":{"footnotes":""},"categories":[16,4,10],"tags":[],"class_list":["post-18283","post","type-post","status-publish","format-standard","has-post-thumbnail","hentry","category-comunicamos","category-noticias","category-noticias-destacadas","xfolkentry"],"_links":{"self":[{"href":"https:\/\/www.ambienteyenergia.gob.ec\/ambiente\/wp-json\/wp\/v2\/posts\/18283","targetHints":{"allow":["GET"]}}],"collection":[{"href":"https:\/\/www.ambienteyenergia.gob.ec\/ambiente\/wp-json\/wp\/v2\/posts"}],"about":[{"href":"https:\/\/www.ambienteyenergia.gob.ec\/ambiente\/wp-json\/wp\/v2\/types\/post"}],"author":[{"embeddable":true,"href":"https:\/\/www.ambienteyenergia.gob.ec\/ambiente\/wp-json\/wp\/v2\/users\/13"}],"replies":[{"embeddable":true,"href":"https:\/\/www.ambienteyenergia.gob.ec\/ambiente\/wp-json\/wp\/v2\/comments?post=18283"}],"version-history":[{"count":0,"href":"https:\/\/www.ambienteyenergia.gob.ec\/ambiente\/wp-json\/wp\/v2\/posts\/18283\/revisions"}],"wp:featuredmedia":[{"embeddable":true,"href":"https:\/\/www.ambienteyenergia.gob.ec\/ambiente\/wp-json\/wp\/v2\/media\/18286"}],"wp:attachment":[{"href":"https:\/\/www.ambienteyenergia.gob.ec\/ambiente\/wp-json\/wp\/v2\/media?parent=18283"}],"wp:term":[{"taxonomy":"category","embeddable":true,"href":"https:\/\/www.ambienteyenergia.gob.ec\/ambiente\/wp-json\/wp\/v2\/categories?post=18283"},{"taxonomy":"post_tag","embeddable":true,"href":"https:\/\/www.ambienteyenergia.gob.ec\/ambiente\/wp-json\/wp\/v2\/tags?post=18283"}],"curies":[{"name":"wp","href":"https:\/\/api.w.org\/{rel}","templated":true}]}}