{"id":18273,"date":"2014-02-12T12:36:49","date_gmt":"2014-02-12T17:36:49","guid":{"rendered":"http:\/\/www.ambiente.gob.ec\/?p=18273"},"modified":"2014-02-12T12:36:49","modified_gmt":"2014-02-12T17:36:49","slug":"mae-suscribio-convenio-interinstitucional-que-beneficiara-a-mas-de-20-000-recicladores","status":"publish","type":"post","link":"https:\/\/www.ambienteyenergia.gob.ec\/ambiente\/mae-suscribio-convenio-interinstitucional-que-beneficiara-a-mas-de-20-000-recicladores\/","title":{"rendered":"MAE suscribi\u00f3 convenio interinstitucional que beneficiar\u00e1 a m\u00e1s de 20 000 recicladores"},"content":{"rendered":"<p style=\"text-align: justify;\">Recicladores de base organizados con visi\u00f3n de microempresa, capacitados y con acceso a tecnolog\u00eda son los pilares del Convenio Marco de Cooperaci\u00f3n Interinstitucional, que suscribieron el Ministerio de Inclusi\u00f3n Econ\u00f3mica y Social (MIES), el Ministerio del Ambiente (MAE), el lnstituto de Econom\u00eda Popular y Solidaria (IEPS) y la Red Nacional de Recicladores del Ecuador (Renarec).<\/p>\n<p style=\"text-align: justify;\">Este acuerdo promueve la asociatividad entre los recicladores y representa el punto de partida para la elaboraci\u00f3n y consolidaci\u00f3n de las pol\u00edticas p\u00fablicas, que favorezcan la\u00a0 incorporaci\u00f3n de 20 000 recicladores a escala nacional, en la cadena de valor de la gesti\u00f3n integral de residuos s\u00f3lidos, en condiciones de equidad econ\u00f3mica y social.<\/p>\n<p style=\"text-align: justify;\">Durante la ceremonia de firma del convenio, la Ministra del Ambiente, Lorena Tapia, asegur\u00f3 que los recicladores son \u201caliados estrat\u00e9gicos en el cuidado y protecci\u00f3n de nuestro ambiente\u201d. Asimismo, se\u00f1al\u00f3 que la tarea de un reciclador es admirable. \u201cNo solo hablamos de econom\u00eda o de mejores condiciones de vida, hablamos de reducci\u00f3n de contaminaci\u00f3n del ambiente, de menos residuos, de materiales mejor aprovechados\u201d.<\/p>\n<p style=\"text-align: justify;\">Los recicladores ecuatorianos de base tienen un rol relevante en el proceso de recuperaci\u00f3n de materiales reciclables. El proceso de reciclaje inicia con la separaci\u00f3n de residuos, que cada uno realiza a pie de vereda, en peque\u00f1os centros de acopio o en muchas veces en condiciones precarias en botaderos a cielo abierto. Por esta raz\u00f3n, el MIES, MAE y IEPS con el respaldo de Fundaci\u00f3n Avina han trabajado para sentar el camino adecuado para incluir a este grupo en un proceso que les permita mejorar sus est\u00e1ndares de vida.<\/p>\n<p style=\"text-align: justify;\">Como parte de los compromisos que nacen de este convenio, las instituciones involucradas se comprometen a llevar adelante acciones coordinadas para contribuir al reconocimiento formal de los recicladores como una actividad laboral m\u00e1s y su acceso a beneficios de seguridad social.<\/p>\n<p style=\"text-align: justify;\">Asimismo, el Ministerio del Ambiente a trav\u00e9s del Plan Nacional de Gesti\u00f3n Integral de Residuos S\u00f3lidos, que estar\u00e1 vigente desde el segundo semestre de 2014, respaldar\u00e1 la inclusi\u00f3n social y econ\u00f3mica de los recicladores en el modelo de gesti\u00f3n de residuos s\u00f3lidos de los gobiernos locales.<\/p>\n<p style=\"text-align: justify;\">De su parte el Ministerio de Inclusi\u00f3n Social y Econ\u00f3mica se propone vincular a estas familias a su red de servicios sociales, entre ellos los Centros Infantiles del Buen Vivir para ni\u00f1os menores de tres a\u00f1os\u00a0 y los centros gerontol\u00f3gicos para adultos mayores.<\/p>\n<p style=\"text-align: justify;\">La suma de estas acciones contribuye a la creaci\u00f3n de fuentes de trabajo, mejoramiento de la calidad de vida de los recicladores de base y sus familias y al fortalecimiento del cambio de matriz productiva en el pa\u00eds y en consecuencia al Plan Nacional del Buen Vivir.<\/p>\n<p style=\"text-align: justify;\">Como el 01 de marzo es el D\u00eda Internacional del Reciclador, al t\u00e9rmino del evento, la Ministra Tapia invit\u00f3 a los recicladores a celebrar este d\u00eda con la certeza de que el convenio firmado, no se quedar\u00e1 en el papel, \u201cya que cosechar\u00e1 los mejores frutos y construir\u00e1 un mejor futuro para ustedes y sus dignas familias. esta es, definitivamente, una prioridad, una prioridad de vida\u201d, concluy\u00f3 la M\u00e1xima Autoridad Ambiental.<\/p>\n","protected":false},"excerpt":{"rendered":"<p class=\"excerpt\">Recicladores de base organizados con visi\u00f3n de microempresa, capacitados y con acceso a tecnolog\u00eda son los pilares del Convenio Marco de Cooperaci\u00f3n Interinstitucional, que suscribieron el Ministerio de Inclusi\u00f3n Econ\u00f3mica y Social (MIES), el Ministerio del Ambiente (MAE), el lnstituto de Econom\u00eda Popular y Solidaria (IEPS) y la Red Nacional de Recicladores del Ecuador (Renarec). Este acuerdo promueve la asociatividad&hellip; <a href=\"https:\/\/www.ambienteyenergia.gob.ec\/ambiente\/mae-suscribio-convenio-interinstitucional-que-beneficiara-a-mas-de-20-000-recicladores\/\">Read more &rarr;<\/a><\/p>\n","protected":false},"author":13,"featured_media":18274,"comment_status":"open","ping_status":"open","sticky":false,"template":"","format":"standard","meta":{"footnotes":""},"categories":[16,4,10],"tags":[],"class_list":["post-18273","post","type-post","status-publish","format-standard","has-post-thumbnail","hentry","category-comunicamos","category-noticias","category-noticias-destacadas","xfolkentry"],"_links":{"self":[{"href":"https:\/\/www.ambienteyenergia.gob.ec\/ambiente\/wp-json\/wp\/v2\/posts\/18273","targetHints":{"allow":["GET"]}}],"collection":[{"href":"https:\/\/www.ambienteyenergia.gob.ec\/ambiente\/wp-json\/wp\/v2\/posts"}],"about":[{"href":"https:\/\/www.ambienteyenergia.gob.ec\/ambiente\/wp-json\/wp\/v2\/types\/post"}],"author":[{"embeddable":true,"href":"https:\/\/www.ambienteyenergia.gob.ec\/ambiente\/wp-json\/wp\/v2\/users\/13"}],"replies":[{"embeddable":true,"href":"https:\/\/www.ambienteyenergia.gob.ec\/ambiente\/wp-json\/wp\/v2\/comments?post=18273"}],"version-history":[{"count":0,"href":"https:\/\/www.ambienteyenergia.gob.ec\/ambiente\/wp-json\/wp\/v2\/posts\/18273\/revisions"}],"wp:featuredmedia":[{"embeddable":true,"href":"https:\/\/www.ambienteyenergia.gob.ec\/ambiente\/wp-json\/wp\/v2\/media\/18274"}],"wp:attachment":[{"href":"https:\/\/www.ambienteyenergia.gob.ec\/ambiente\/wp-json\/wp\/v2\/media?parent=18273"}],"wp:term":[{"taxonomy":"category","embeddable":true,"href":"https:\/\/www.ambienteyenergia.gob.ec\/ambiente\/wp-json\/wp\/v2\/categories?post=18273"},{"taxonomy":"post_tag","embeddable":true,"href":"https:\/\/www.ambienteyenergia.gob.ec\/ambiente\/wp-json\/wp\/v2\/tags?post=18273"}],"curies":[{"name":"wp","href":"https:\/\/api.w.org\/{rel}","templated":true}]}}