{"id":18265,"date":"2014-02-12T09:13:55","date_gmt":"2014-02-12T14:13:55","guid":{"rendered":"http:\/\/www.ambiente.gob.ec\/?p=18265"},"modified":"2014-02-12T11:20:48","modified_gmt":"2014-02-12T16:20:48","slug":"estudiantes-de-el-oro-sembraron-200-plantas-como-parte-de-campana-impulsada-por-el-mae","status":"publish","type":"post","link":"https:\/\/www.ambienteyenergia.gob.ec\/ambiente\/estudiantes-de-el-oro-sembraron-200-plantas-como-parte-de-campana-impulsada-por-el-mae\/","title":{"rendered":"Estudiantes de El Oro sembraron 200 plantas como parte de campa\u00f1a impulsada por el MAE"},"content":{"rendered":"<p style=\"text-align: justify;\">El Ministerio del Ambiente del Ecuador (MAE), en coordinaci\u00f3n con la Direcci\u00f3n Provincial del Consejo de la Judicatura, promueve la campa\u00f1a \u201cSiembra un \u00e1rbol, siembra justicia\u201d, con la\u00a0 finalidad de concienciar a la poblaci\u00f3n de la provincia de El Oro sobre la importancia de la reforestaci\u00f3n y el cuidado ambiental. Como parte de esta iniciativa se sembraron 200 plantas de\u00a0 la especie\u00a0 leucaena en el vivero del Colegio Nacional Mixto 6 de Agosto, ubicado la Parroquia Barbones del cant\u00f3n El Guabo.<\/p>\n<p style=\"text-align: justify;\">El acto de inauguraci\u00f3n apoyado por la Junta Parroquial de Barbones se desarroll\u00f3 el pasado 8 de febrero, en las instalaciones de la unidad educativa y cont\u00f3 con la presencia de comunidades cercanas, estudiantes, padres de familia, docentes y autoridades locales.<\/p>\n<p style=\"text-align: justify;\">Roberto Marcos Miranda, Director Provincial del Ministerio del Ambiente de El Oro, en su intervenci\u00f3n recalc\u00f3 la importancia de estas acciones y la participaci\u00f3n de toda la comunidad como una herramienta fundamental para el desarrollo sustentable de la naturaleza.<\/p>\n<p style=\"text-align: justify;\">Luego del evento, estudiantes y docentes de la instituci\u00f3n educativa participaron en una jornada de siembra, en la que el MAE colabor\u00f3 con ayuda t\u00e9cnica y entreg\u00f3 herramientas adecuadas para esta actividad. Las especies plantadas servir\u00e1n como barrera viva con la comunidad que habita en los alrededores del centro educativo.<\/p>\n<p style=\"text-align: justify;\">La campa\u00f1a busca que la ciudadan\u00eda se comprometa con la protecci\u00f3n y conservaci\u00f3n de los recursos \u00a0naturales, principalmente, para mejorar las condiciones de vida de sus comunidades.<\/p>\n<p style=\"text-align: justify;\"><a href=\"http:\/\/www.ambienteyenergia.gob.ec\/ambiente\/wp-content\/uploads\/2014\/02\/24.jpg\"><img loading=\"lazy\" decoding=\"async\" class=\"aligncenter size-full wp-image-18267\" alt=\"Estudiantes de El Oro sembraron 200 plantas como parte de campa\u00f1a impulsada por el MAE\" src=\"http:\/\/www.ambienteyenergia.gob.ec\/ambiente\/wp-content\/uploads\/2014\/02\/24.jpg\" width=\"320\" height=\"242\" srcset=\"https:\/\/www.ambienteyenergia.gob.ec\/ambiente\/wp-content\/uploads\/sites\/2\/2014\/02\/24.jpg 320w, https:\/\/www.ambienteyenergia.gob.ec\/ambiente\/wp-content\/uploads\/sites\/2\/2014\/02\/24-300x226.jpg 300w\" sizes=\"auto, (max-width: 320px) 100vw, 320px\" \/><\/a><\/p>\n","protected":false},"excerpt":{"rendered":"<p class=\"excerpt\">El Ministerio del Ambiente del Ecuador (MAE), en coordinaci\u00f3n con la Direcci\u00f3n Provincial del Consejo de la Judicatura, promueve la campa\u00f1a \u201cSiembra un \u00e1rbol, siembra justicia\u201d, con la\u00a0 finalidad de concienciar a la poblaci\u00f3n de la provincia de El Oro sobre la importancia de la reforestaci\u00f3n y el cuidado ambiental. Como parte de esta iniciativa se sembraron 200 plantas de\u00a0&hellip; <a href=\"https:\/\/www.ambienteyenergia.gob.ec\/ambiente\/estudiantes-de-el-oro-sembraron-200-plantas-como-parte-de-campana-impulsada-por-el-mae\/\">Read more &rarr;<\/a><\/p>\n","protected":false},"author":13,"featured_media":18266,"comment_status":"open","ping_status":"open","sticky":false,"template":"","format":"standard","meta":{"footnotes":""},"categories":[16,4],"tags":[],"class_list":["post-18265","post","type-post","status-publish","format-standard","has-post-thumbnail","hentry","category-comunicamos","category-noticias","xfolkentry"],"_links":{"self":[{"href":"https:\/\/www.ambienteyenergia.gob.ec\/ambiente\/wp-json\/wp\/v2\/posts\/18265","targetHints":{"allow":["GET"]}}],"collection":[{"href":"https:\/\/www.ambienteyenergia.gob.ec\/ambiente\/wp-json\/wp\/v2\/posts"}],"about":[{"href":"https:\/\/www.ambienteyenergia.gob.ec\/ambiente\/wp-json\/wp\/v2\/types\/post"}],"author":[{"embeddable":true,"href":"https:\/\/www.ambienteyenergia.gob.ec\/ambiente\/wp-json\/wp\/v2\/users\/13"}],"replies":[{"embeddable":true,"href":"https:\/\/www.ambienteyenergia.gob.ec\/ambiente\/wp-json\/wp\/v2\/comments?post=18265"}],"version-history":[{"count":0,"href":"https:\/\/www.ambienteyenergia.gob.ec\/ambiente\/wp-json\/wp\/v2\/posts\/18265\/revisions"}],"wp:featuredmedia":[{"embeddable":true,"href":"https:\/\/www.ambienteyenergia.gob.ec\/ambiente\/wp-json\/wp\/v2\/media\/18266"}],"wp:attachment":[{"href":"https:\/\/www.ambienteyenergia.gob.ec\/ambiente\/wp-json\/wp\/v2\/media?parent=18265"}],"wp:term":[{"taxonomy":"category","embeddable":true,"href":"https:\/\/www.ambienteyenergia.gob.ec\/ambiente\/wp-json\/wp\/v2\/categories?post=18265"},{"taxonomy":"post_tag","embeddable":true,"href":"https:\/\/www.ambienteyenergia.gob.ec\/ambiente\/wp-json\/wp\/v2\/tags?post=18265"}],"curies":[{"name":"wp","href":"https:\/\/api.w.org\/{rel}","templated":true}]}}