{"id":18262,"date":"2014-02-11T16:42:13","date_gmt":"2014-02-11T21:42:13","guid":{"rendered":"http:\/\/www.ambiente.gob.ec\/?p=18262"},"modified":"2014-02-11T16:42:13","modified_gmt":"2014-02-11T21:42:13","slug":"mae-realizo-una-visita-tecnica-para-analizar-adjudicacion-de-tierras-en-la-reserva-ecologica-los-illinizas","status":"publish","type":"post","link":"https:\/\/www.ambienteyenergia.gob.ec\/ambiente\/mae-realizo-una-visita-tecnica-para-analizar-adjudicacion-de-tierras-en-la-reserva-ecologica-los-illinizas\/","title":{"rendered":"MAE realiz\u00f3 una visita t\u00e9cnica para analizar adjudicaci\u00f3n de tierras en la Reserva Ecol\u00f3gica Los Illinizas"},"content":{"rendered":"<p style=\"text-align: justify;\">Hoy, una comisi\u00f3n del Ministerio del Ambiente del Ecuador (MAE) realiz\u00f3 una inspecci\u00f3n t\u00e9cnica en la zona de San Marcos, ubicada en la Reserva Ecol\u00f3gica Los Illinizas. Esta actividad se ejecut\u00f3, tras registrarse un conflicto legal para la adjudicaci\u00f3n de tierras entre dos asociaciones: Loma Hurco (compuesta por socios de la comunidad de Loma Hurco y Loma Gorda) y San Marcos, quienes pose\u00edan documentaci\u00f3n que abalizaba su tenencia. El objetivo de esta actividad fue verificar desde el punto de vista t\u00e9cnico el estado de la propiedad en disputa y si estaban dentro de los l\u00edmites del \u00e1rea protegida para as\u00ed determinar bajo que par\u00e1metros t\u00e9cnicos y legales se puede tratar el tema.<\/p>\n<p style=\"text-align: justify;\">Despu\u00e9s de conocer el \u00faltimo fallo de la Corte Constitucional, donde se adjudica las tierras a los Miembros de la Asociaci\u00f3n Loma Hurco, la Direcci\u00f3n Provincial del Ambiente de Cotopaxi procedi\u00f3 a reunirse con dicha asociaci\u00f3n el 9 de enero del presente a\u00f1o, para brindar asesoramiento con respecto al manejo y actividades en dichas tierras, que son parte de la Reserva Ecol\u00f3gica Los Illinizas.<\/p>\n<p style=\"text-align: justify;\">En dicha reuni\u00f3n, se lleg\u00f3 a un acuerdo donde se establecieron fechas para la conformaci\u00f3n de una comisi\u00f3n especializada y la realizaci\u00f3n de una inspecci\u00f3n t\u00e9cnica en el lugar, pues en el \u00e1rea protegida existe una infraestructura, construida hace aproximadamente una d\u00e9cada.<\/p>\n<p style=\"text-align: justify;\">Por su parte, la Asociaci\u00f3n Loma Hurco se comprometi\u00f3 a entregar toda la informaci\u00f3n para an\u00e1lisis t\u00e9cnico y legal<\/p>\n<p style=\"text-align: justify;\">Lamentablemente, la visita no se pudo completar debido a la irrupci\u00f3n de varios representantes de asociaciones y personas externas al conflicto.<\/p>\n<p style=\"text-align: justify;\">Cabe recalcar,\u00a0 que la competencia del MAE, dentro de lo que establece la ley, es preservar y conservar las \u00e1reas protegidas y velar por el cumplimiento del plan de manejo de las mismas.<\/p>\n","protected":false},"excerpt":{"rendered":"<p class=\"excerpt\">Hoy, una comisi\u00f3n del Ministerio del Ambiente del Ecuador (MAE) realiz\u00f3 una inspecci\u00f3n t\u00e9cnica en la zona de San Marcos, ubicada en la Reserva Ecol\u00f3gica Los Illinizas. Esta actividad se ejecut\u00f3, tras registrarse un conflicto legal para la adjudicaci\u00f3n de tierras entre dos asociaciones: Loma Hurco (compuesta por socios de la comunidad de Loma Hurco y Loma Gorda) y San&hellip; <a href=\"https:\/\/www.ambienteyenergia.gob.ec\/ambiente\/mae-realizo-una-visita-tecnica-para-analizar-adjudicacion-de-tierras-en-la-reserva-ecologica-los-illinizas\/\">Read more &rarr;<\/a><\/p>\n","protected":false},"author":13,"featured_media":18263,"comment_status":"open","ping_status":"open","sticky":false,"template":"","format":"standard","meta":{"footnotes":""},"categories":[16,4],"tags":[],"class_list":["post-18262","post","type-post","status-publish","format-standard","has-post-thumbnail","hentry","category-comunicamos","category-noticias","xfolkentry"],"_links":{"self":[{"href":"https:\/\/www.ambienteyenergia.gob.ec\/ambiente\/wp-json\/wp\/v2\/posts\/18262","targetHints":{"allow":["GET"]}}],"collection":[{"href":"https:\/\/www.ambienteyenergia.gob.ec\/ambiente\/wp-json\/wp\/v2\/posts"}],"about":[{"href":"https:\/\/www.ambienteyenergia.gob.ec\/ambiente\/wp-json\/wp\/v2\/types\/post"}],"author":[{"embeddable":true,"href":"https:\/\/www.ambienteyenergia.gob.ec\/ambiente\/wp-json\/wp\/v2\/users\/13"}],"replies":[{"embeddable":true,"href":"https:\/\/www.ambienteyenergia.gob.ec\/ambiente\/wp-json\/wp\/v2\/comments?post=18262"}],"version-history":[{"count":0,"href":"https:\/\/www.ambienteyenergia.gob.ec\/ambiente\/wp-json\/wp\/v2\/posts\/18262\/revisions"}],"wp:featuredmedia":[{"embeddable":true,"href":"https:\/\/www.ambienteyenergia.gob.ec\/ambiente\/wp-json\/wp\/v2\/media\/18263"}],"wp:attachment":[{"href":"https:\/\/www.ambienteyenergia.gob.ec\/ambiente\/wp-json\/wp\/v2\/media?parent=18262"}],"wp:term":[{"taxonomy":"category","embeddable":true,"href":"https:\/\/www.ambienteyenergia.gob.ec\/ambiente\/wp-json\/wp\/v2\/categories?post=18262"},{"taxonomy":"post_tag","embeddable":true,"href":"https:\/\/www.ambienteyenergia.gob.ec\/ambiente\/wp-json\/wp\/v2\/tags?post=18262"}],"curies":[{"name":"wp","href":"https:\/\/api.w.org\/{rel}","templated":true}]}}