{"id":18258,"date":"2014-02-11T14:25:11","date_gmt":"2014-02-11T19:25:11","guid":{"rendered":"http:\/\/www.ambiente.gob.ec\/?p=18258"},"modified":"2014-02-11T14:25:11","modified_gmt":"2014-02-11T19:25:11","slug":"mae-registra-la-presencia-de-condor-andino-en-el-parque-nacional-sangay","status":"publish","type":"post","link":"https:\/\/www.ambienteyenergia.gob.ec\/ambiente\/mae-registra-la-presencia-de-condor-andino-en-el-parque-nacional-sangay\/","title":{"rendered":"MAE registra la presencia de c\u00f3ndor andino en el Parque Nacional Sangay"},"content":{"rendered":"<p style=\"text-align: justify;\">El pasado 6 de febrero, en horas de la ma\u00f1ana, guardaparques del Parque Nacional Sangay registraron la presencia de un c\u00f3ndor andino (<i>Vultur gryphus<\/i>) macho juvenil, en el complejo lacustre de Atillo ubicado en la cordillera oriental, en la provincia de Chimborazo.<\/p>\n<p style=\"text-align: justify;\">Con la finalidad de realizar un monitoreo, control y evaluaci\u00f3n de la vida silvestre en las zonas afectadas por la ca\u00edda de ceniza del volc\u00e1n Tungurahua, el Ministerio del Ambiente del Ecuador (MAE) planific\u00f3 varios recorridos al interior del \u00e1rea protegida, para constatar el grado de afectaci\u00f3n en de la flora y fauna. Durante la actividad, funcionarios de la Direcci\u00f3n Provincial del Ambiente de Chimborazo observaron a un c\u00f3ndor en vuelo, y al percatarse de ello,\u00a0 lo siguieron para registrarlo y determinar su estado de salud.<\/p>\n<p style=\"text-align: justify;\">El MAE, cumpliendo con lo estipulado en la ley, continuar\u00e1 con el monitoreo respectivo para conocer la salud poblacional de la especie e impulsar acciones de protecci\u00f3n y conservaci\u00f3n en todas las especies de vida silvestre en el Ecuador.<\/p>\n<p style=\"text-align: justify;\"><strong>El dato<\/strong><\/p>\n<p style=\"text-align: justify;\">Hasta el momento, el Parque Nacional Sangay tiene 14 registros de \u00e9sta ave emblem\u00e1tica.<\/p>\n<p style=\"text-align: justify;\">\u00a0<a href=\"http:\/\/www.ambienteyenergia.gob.ec\/ambiente\/wp-content\/uploads\/2014\/02\/a1.jpg\"><img loading=\"lazy\" decoding=\"async\" class=\"aligncenter size-full wp-image-18260\" alt=\"MAE registra la presencia de c\u00f3ndor andino en el Parque Nacional Sangay\" src=\"http:\/\/www.ambienteyenergia.gob.ec\/ambiente\/wp-content\/uploads\/2014\/02\/a1.jpg\" width=\"650\" height=\"433\" srcset=\"https:\/\/www.ambienteyenergia.gob.ec\/ambiente\/wp-content\/uploads\/sites\/2\/2014\/02\/a1.jpg 650w, https:\/\/www.ambienteyenergia.gob.ec\/ambiente\/wp-content\/uploads\/sites\/2\/2014\/02\/a1-300x199.jpg 300w, https:\/\/www.ambienteyenergia.gob.ec\/ambiente\/wp-content\/uploads\/sites\/2\/2014\/02\/a1-450x300.jpg 450w\" sizes=\"auto, (max-width: 650px) 100vw, 650px\" \/><\/a><\/p>\n<p style=\"text-align: justify;\">\n","protected":false},"excerpt":{"rendered":"<p class=\"excerpt\">El pasado 6 de febrero, en horas de la ma\u00f1ana, guardaparques del Parque Nacional Sangay registraron la presencia de un c\u00f3ndor andino (Vultur gryphus) macho juvenil, en el complejo lacustre de Atillo ubicado en la cordillera oriental, en la provincia de Chimborazo. Con la finalidad de realizar un monitoreo, control y evaluaci\u00f3n de la vida silvestre en las zonas afectadas&hellip; <a href=\"https:\/\/www.ambienteyenergia.gob.ec\/ambiente\/mae-registra-la-presencia-de-condor-andino-en-el-parque-nacional-sangay\/\">Read more &rarr;<\/a><\/p>\n","protected":false},"author":13,"featured_media":18259,"comment_status":"open","ping_status":"open","sticky":false,"template":"","format":"standard","meta":{"footnotes":""},"categories":[16,4],"tags":[],"class_list":["post-18258","post","type-post","status-publish","format-standard","has-post-thumbnail","hentry","category-comunicamos","category-noticias","xfolkentry"],"_links":{"self":[{"href":"https:\/\/www.ambienteyenergia.gob.ec\/ambiente\/wp-json\/wp\/v2\/posts\/18258","targetHints":{"allow":["GET"]}}],"collection":[{"href":"https:\/\/www.ambienteyenergia.gob.ec\/ambiente\/wp-json\/wp\/v2\/posts"}],"about":[{"href":"https:\/\/www.ambienteyenergia.gob.ec\/ambiente\/wp-json\/wp\/v2\/types\/post"}],"author":[{"embeddable":true,"href":"https:\/\/www.ambienteyenergia.gob.ec\/ambiente\/wp-json\/wp\/v2\/users\/13"}],"replies":[{"embeddable":true,"href":"https:\/\/www.ambienteyenergia.gob.ec\/ambiente\/wp-json\/wp\/v2\/comments?post=18258"}],"version-history":[{"count":0,"href":"https:\/\/www.ambienteyenergia.gob.ec\/ambiente\/wp-json\/wp\/v2\/posts\/18258\/revisions"}],"wp:featuredmedia":[{"embeddable":true,"href":"https:\/\/www.ambienteyenergia.gob.ec\/ambiente\/wp-json\/wp\/v2\/media\/18259"}],"wp:attachment":[{"href":"https:\/\/www.ambienteyenergia.gob.ec\/ambiente\/wp-json\/wp\/v2\/media?parent=18258"}],"wp:term":[{"taxonomy":"category","embeddable":true,"href":"https:\/\/www.ambienteyenergia.gob.ec\/ambiente\/wp-json\/wp\/v2\/categories?post=18258"},{"taxonomy":"post_tag","embeddable":true,"href":"https:\/\/www.ambienteyenergia.gob.ec\/ambiente\/wp-json\/wp\/v2\/tags?post=18258"}],"curies":[{"name":"wp","href":"https:\/\/api.w.org\/{rel}","templated":true}]}}