{"id":18253,"date":"2014-02-11T12:32:22","date_gmt":"2014-02-11T17:32:22","guid":{"rendered":"http:\/\/www.ambiente.gob.ec\/?p=18253"},"modified":"2014-02-11T12:32:22","modified_gmt":"2014-02-11T17:32:22","slug":"dpng-investiga-medidas-para-restaurar-cucuves-de-floreana","status":"publish","type":"post","link":"https:\/\/www.ambienteyenergia.gob.ec\/ambiente\/dpng-investiga-medidas-para-restaurar-cucuves-de-floreana\/","title":{"rendered":"DPNG investiga medidas para restaurar cucuves de Floreana"},"content":{"rendered":"<p><em><b>Monitoreo es realizado en los islotes Champion y Gardner, que albergan a los individuos que habitaban en la isla Floreana. <\/b><\/em><\/p>\n<p align=\"JUSTIFY\">Restaurar los cucuves de Floreana (Nesomimus trifasciatus), cuya poblaci\u00f3n se redujo por efecto de especies introducidas, es el objetivo de la Direcci\u00f3n del Parque Nacional Gal\u00e1pagos (DPNG) que ejecuta un estudio sobre las poblaciones que se encuentran en los islotes Champion y Gardner, ubicados al noreste de la isla tambi\u00e9n llamada Santa Mar\u00eda.<\/p>\n<p align=\"JUSTIFY\">Los resultados permitir\u00e1n que la DPNG del Ministerio del Ambiente del Ecuador (MAE) defina las estrategias de manejo, entre las cuales estar\u00eda la crianza en cautiverio, para futuras repatriaciones. Tambi\u00e9n, conocer la magnitud del cambio anual del tama\u00f1o poblacional, variaci\u00f3n de la sobrevivencia de adultos y reclutamiento de juveniles de manera anual, actividad promedio de nidos, entre otras inquietudes t\u00e9cnicas como los factores que inciden en la productividad.<\/p>\n<p align=\"JUSTIFY\">De acuerdo a los registros de la DPNG, hasta el a\u00f1o 2012 fueron contabilizados 70 individuos en Champion y 694 cucuves en Gardner, considerados los \u00fanicos h\u00e1bitats de las \u00faltimas aves de la especie que habit\u00f3 en la isla Floreana, hasta que depredadores introducidos, entre otros efectos, provocaron su desaparici\u00f3n del territorio insular, por lo que se trasladaron de manera natural a esos islotes.<\/p>\n<p align=\"JUSTIFY\">Entre el 30 y 31 de enero, un equipo de dos guardaparques de la DPNG y un cient\u00edfico de la Universidad Massei, de Nueva Zelanda, realiz\u00f3 un monitoreo del estado poblacional y de la salud de los cucuves en Champion, donde colectaron muestras de varios individuos, los resultados permitir\u00e1n conocer si tienen par\u00e1sitos, entre otros datos.<\/p>\n<p align=\"JUSTIFY\">Tras recorrer la superficie de la isla, de 9,5 hect\u00e1reas, con presencia de vegetaci\u00f3n seca y de cactus, el equipo captur\u00f3 individuos que no hab\u00edan sido marcados, a los que les colocaron anillos de identificaci\u00f3n de diversos colores, en diferentes sectores de la isla, por tratarse de una especie territorial.<\/p>\n<p align=\"JUSTIFY\">El estudio, que inici\u00f3 en el a\u00f1o 2009, permitir\u00e1 conocer este a\u00f1o las causas por las cuales no han podido establecerse en mayor n\u00famero, identificar las barreras naturales que permiten que las especies se encuentren en un sitio y no en otro. Adem\u00e1s de informaci\u00f3n gen\u00e9tica de las poblaciones de los dos islotes que se adaptaron al alimento de estos sitios, que no era el mismo que ten\u00edan en Floreana.<\/p>\n<p align=\"JUSTIFY\">El Nesomimus trifasciatus se encuentra en la categor\u00eda de especies consideradas con un riesgo extremadamente elevado, es decir cr\u00edtico, dentro de la lista roja de la Uni\u00f3n Internacional para la Conservaci\u00f3n de la Naturaleza (UICN).<\/p>\n","protected":false},"excerpt":{"rendered":"<p class=\"excerpt\">Monitoreo es realizado en los islotes Champion y Gardner, que albergan a los individuos que habitaban en la isla Floreana. Restaurar los cucuves de Floreana (Nesomimus trifasciatus), cuya poblaci\u00f3n se redujo por efecto de especies introducidas, es el objetivo de la Direcci\u00f3n del Parque Nacional Gal\u00e1pagos (DPNG) que ejecuta un estudio sobre las poblaciones que se encuentran en los islotes&hellip; <a href=\"https:\/\/www.ambienteyenergia.gob.ec\/ambiente\/dpng-investiga-medidas-para-restaurar-cucuves-de-floreana\/\">Read more &rarr;<\/a><\/p>\n","protected":false},"author":13,"featured_media":18254,"comment_status":"open","ping_status":"open","sticky":false,"template":"","format":"standard","meta":{"footnotes":""},"categories":[16,4],"tags":[197,108,53,408],"class_list":["post-18253","post","type-post","status-publish","format-standard","has-post-thumbnail","hentry","category-comunicamos","category-noticias","tag-islas-galapagos","tag-lorena-tapia","tag-mae","tag-vida-silvestre","xfolkentry"],"_links":{"self":[{"href":"https:\/\/www.ambienteyenergia.gob.ec\/ambiente\/wp-json\/wp\/v2\/posts\/18253","targetHints":{"allow":["GET"]}}],"collection":[{"href":"https:\/\/www.ambienteyenergia.gob.ec\/ambiente\/wp-json\/wp\/v2\/posts"}],"about":[{"href":"https:\/\/www.ambienteyenergia.gob.ec\/ambiente\/wp-json\/wp\/v2\/types\/post"}],"author":[{"embeddable":true,"href":"https:\/\/www.ambienteyenergia.gob.ec\/ambiente\/wp-json\/wp\/v2\/users\/13"}],"replies":[{"embeddable":true,"href":"https:\/\/www.ambienteyenergia.gob.ec\/ambiente\/wp-json\/wp\/v2\/comments?post=18253"}],"version-history":[{"count":0,"href":"https:\/\/www.ambienteyenergia.gob.ec\/ambiente\/wp-json\/wp\/v2\/posts\/18253\/revisions"}],"wp:featuredmedia":[{"embeddable":true,"href":"https:\/\/www.ambienteyenergia.gob.ec\/ambiente\/wp-json\/wp\/v2\/media\/18254"}],"wp:attachment":[{"href":"https:\/\/www.ambienteyenergia.gob.ec\/ambiente\/wp-json\/wp\/v2\/media?parent=18253"}],"wp:term":[{"taxonomy":"category","embeddable":true,"href":"https:\/\/www.ambienteyenergia.gob.ec\/ambiente\/wp-json\/wp\/v2\/categories?post=18253"},{"taxonomy":"post_tag","embeddable":true,"href":"https:\/\/www.ambienteyenergia.gob.ec\/ambiente\/wp-json\/wp\/v2\/tags?post=18253"}],"curies":[{"name":"wp","href":"https:\/\/api.w.org\/{rel}","templated":true}]}}