{"id":18251,"date":"2014-02-11T11:11:37","date_gmt":"2014-02-11T16:11:37","guid":{"rendered":"http:\/\/www.ambiente.gob.ec\/?p=18251"},"modified":"2014-02-11T11:11:37","modified_gmt":"2014-02-11T16:11:37","slug":"mae-realizo-operativos-de-control-de-vida-silvestre-por-festividades-en-napo","status":"publish","type":"post","link":"https:\/\/www.ambienteyenergia.gob.ec\/ambiente\/mae-realizo-operativos-de-control-de-vida-silvestre-por-festividades-en-napo\/","title":{"rendered":"MAE realiz\u00f3 operativos de control de Vida Silvestre por festividades en Napo"},"content":{"rendered":"<p align=\"JUSTIFY\"><span style=\"color: #00000a;\"><span style=\"font-family: Times New Roman,serif;\"><span style=\"font-size: medium;\">La Direcci\u00f3n Provincial de Napo (MAE), por motivos de las fiestas de provincializaci\u00f3n y en vista del alto consumo de comidas t\u00edpicas elaboradas con carne silvestre, planific\u00f3 conjuntamente con la Polic\u00eda de Medio Ambiente (UPMA) diferentes operativos de control. <\/span><\/span><\/span><\/p>\n<p align=\"JUSTIFY\"><span style=\"color: #000000;\"><span style=\"font-family: Times New Roman,serif;\"><span style=\"font-size: medium;\">El MAE, realiz\u00f3 inspecciones en la v\u00eda Holl\u00edn Loreto, en Chontapunta y en los mercados de la Provincia de Napo, para controlar y minimizar la comercializaci\u00f3n de alimentos t\u00edpicos con carne de monte. <\/span><\/span><\/span><\/p>\n<p align=\"JUSTIFY\"><span style=\"color: #00000a;\"><span style=\"font-family: Times New Roman,serif;\"><span style=\"font-size: medium;\">Como resultado de estos operativos se decomisaron un total de 100 libras de carne de guanta, guatusa, nutria, puerco sahino y venado; tambi\u00e9n tres coronas elaboradas con plumas de loro, un traje t\u00edpico hecho con piel de boa, varios huesos de reptiles y dos espec\u00edmenes de aves propios de la zona, los mismos que fueron trasladados a un centro de rescate para su cuidado y rehabilitaci\u00f3n. <\/span><\/span><\/span><\/p>\n<p align=\"JUSTIFY\"><span style=\"color: #00000a;\"><span style=\"font-family: Times New Roman,serif;\"><span style=\"font-size: medium;\">Estas medidas son parte de los continuos operativos de control que ejecuta esta Cartera de Estado para proteger la vida silvestre.<\/span><\/span><\/span><\/p>\n<p align=\"JUSTIFY\"><span style=\"color: #00000a;\"><span style=\"font-family: Times New Roman,serif;\"><span style=\"font-size: medium;\">La Direcci\u00f3n Provincial del Ambiente de Napo iniciar\u00e1 el proceso administrativo correspondiente, para sancionar a los implicados en la comercializaci\u00f3n y as\u00ed proteger la biodiversidad de la provincia que se encuentra en peligro de extinci\u00f3n.<\/span><\/span><\/span><\/p>\n<p align=\"JUSTIFY\"><span style=\"color: #000000;\"><span style=\"font-family: Times New Roman,serif;\"><span style=\"font-size: medium;\">Datos importantes<\/span><\/span><\/span><\/p>\n<ul>\n<li>\n<p align=\"JUSTIFY\"><span style=\"color: #000000;\"><span style=\"font-family: Times New Roman,serif;\"><span style=\"font-size: medium;\">La guanta es un mam\u00edfero de h\u00e1bitos nocturnos y nada con facilidad. Durante el d\u00eda reposa en cuevas y madrigueras cavadas y en troncos o \u00e1rboles viejos. Es un animal muy perseguido por el alto valor nutritivo de su carne.<\/span><\/span><\/span><\/p>\n<\/li>\n<li>\n<p align=\"JUSTIFY\"><span style=\"color: #000000;\"><span style=\"font-family: Times New Roman,serif;\"><span style=\"font-size: medium;\">Es una especie en peligro de extinci\u00f3n, est\u00e1 prohibida la comercializaci\u00f3n de su carne por ser una especie incluida en el Ap\u00e9ndice II de la Convenci\u00f3n sobre el Comercio Internacional de Especies Amenazadas de Fauna y Flora Silvestre (CITES). Esta clasificaci\u00f3n se refiere a todas aquellas especies que a pesar de no estar en peligro de extinci\u00f3n pueden llegar a estarlo, si no se regula su comercio.<\/span><\/span><\/span><\/p>\n<\/li>\n<\/ul>\n","protected":false},"excerpt":{"rendered":"<p class=\"excerpt\">La Direcci\u00f3n Provincial de Napo (MAE), por motivos de las fiestas de provincializaci\u00f3n y en vista del alto consumo de comidas t\u00edpicas elaboradas con carne silvestre, planific\u00f3 conjuntamente con la Polic\u00eda de Medio Ambiente (UPMA) diferentes operativos de control. El MAE, realiz\u00f3 inspecciones en la v\u00eda Holl\u00edn Loreto, en Chontapunta y en los mercados de la Provincia de Napo, para&hellip; <a href=\"https:\/\/www.ambienteyenergia.gob.ec\/ambiente\/mae-realizo-operativos-de-control-de-vida-silvestre-por-festividades-en-napo\/\">Read more &rarr;<\/a><\/p>\n","protected":false},"author":13,"featured_media":17364,"comment_status":"open","ping_status":"open","sticky":false,"template":"","format":"standard","meta":{"footnotes":""},"categories":[16,4],"tags":[108,53,70,408],"class_list":["post-18251","post","type-post","status-publish","format-standard","has-post-thumbnail","hentry","category-comunicamos","category-noticias","tag-lorena-tapia","tag-mae","tag-napo","tag-vida-silvestre","xfolkentry"],"_links":{"self":[{"href":"https:\/\/www.ambienteyenergia.gob.ec\/ambiente\/wp-json\/wp\/v2\/posts\/18251","targetHints":{"allow":["GET"]}}],"collection":[{"href":"https:\/\/www.ambienteyenergia.gob.ec\/ambiente\/wp-json\/wp\/v2\/posts"}],"about":[{"href":"https:\/\/www.ambienteyenergia.gob.ec\/ambiente\/wp-json\/wp\/v2\/types\/post"}],"author":[{"embeddable":true,"href":"https:\/\/www.ambienteyenergia.gob.ec\/ambiente\/wp-json\/wp\/v2\/users\/13"}],"replies":[{"embeddable":true,"href":"https:\/\/www.ambienteyenergia.gob.ec\/ambiente\/wp-json\/wp\/v2\/comments?post=18251"}],"version-history":[{"count":0,"href":"https:\/\/www.ambienteyenergia.gob.ec\/ambiente\/wp-json\/wp\/v2\/posts\/18251\/revisions"}],"wp:featuredmedia":[{"embeddable":true,"href":"https:\/\/www.ambienteyenergia.gob.ec\/ambiente\/wp-json\/wp\/v2\/media\/17364"}],"wp:attachment":[{"href":"https:\/\/www.ambienteyenergia.gob.ec\/ambiente\/wp-json\/wp\/v2\/media?parent=18251"}],"wp:term":[{"taxonomy":"category","embeddable":true,"href":"https:\/\/www.ambienteyenergia.gob.ec\/ambiente\/wp-json\/wp\/v2\/categories?post=18251"},{"taxonomy":"post_tag","embeddable":true,"href":"https:\/\/www.ambienteyenergia.gob.ec\/ambiente\/wp-json\/wp\/v2\/tags?post=18251"}],"curies":[{"name":"wp","href":"https:\/\/api.w.org\/{rel}","templated":true}]}}