{"id":18243,"date":"2014-02-10T16:56:41","date_gmt":"2014-02-10T21:56:41","guid":{"rendered":"http:\/\/www.ambiente.gob.ec\/?p=18243"},"modified":"2014-02-20T14:18:14","modified_gmt":"2014-02-20T19:18:14","slug":"ministerio-del-ambiente-y-petroamazonas-firmaron-convenio-marco-de-cooperacion-interinsitucional-para-la-optimizacion-de-generacion-electrica-y-eficiencia-energetica-ogeee","status":"publish","type":"post","link":"https:\/\/www.ambienteyenergia.gob.ec\/ambiente\/ministerio-del-ambiente-y-petroamazonas-firmaron-convenio-marco-de-cooperacion-interinsitucional-para-la-optimizacion-de-generacion-electrica-y-eficiencia-energetica-ogeee\/","title":{"rendered":"MAE y Petroamazonas EP firmaron convenio relacionado con el cambio de matriz energ\u00e9tica"},"content":{"rendered":"<p style=\"text-align: justify;\">Como \u201cuna excelente noticia\u201d calific\u00f3 la Ministra del Ambiente Lorena Tapia a la firma del\u00a0 Convenio Marco de Cooperaci\u00f3n Interinsitucional para la Optimizaci\u00f3n de Generaci\u00f3n El\u00e9ctrica y Eficiencia Energ\u00e9tica (OGE&amp;EE), suscrito hoy con Petroamazonas EP y que tiene relaci\u00f3n con el <b>cambio de matriz energ\u00e9tica que impulsa el Gobierno Nacional<\/b>.<\/p>\n<p style=\"text-align: justify;\">La Ministra Tapia, manifest\u00f3 su absoluto compromiso y destac\u00f3 que el trabajo realizado desde el Ministerio del Ambiente del Ecuador (MAE) ha permitido\u00a0 posicionar\u00a0 a nivel internacional al pa\u00eds, como referente en este tipo de proyectos y en la generaci\u00f3n de acciones voluntarias frente a la mitigaci\u00f3n del cambio clim\u00e1tico, que por ahora, nacen de una empresa petrolera p\u00fablica que est\u00e1 haciendo un gran esfuerzo.<\/p>\n<p style=\"text-align: justify;\">Oswaldo Madrid, Gerente de Petroamazonas EP, por su parte, insisti\u00f3 en el alto compromiso ambiental que tiene la petrolera, se comprometi\u00f3 a trabajar con el MAE y en realizar todas las acciones necesarias para el \u00e9xito de este importante proyecto y su registro en las Naciones Unidas.<\/p>\n<p style=\"text-align: justify;\">El OGE&amp;EE, es una iniciativa emblem\u00e1tica que busca optimizar la generaci\u00f3n el\u00e9ctrica utilizando gas asociado (residuo de gas quemado en las teas) desplazando la generaci\u00f3n el\u00e9ctrica con di\u00e9sel. Se incrementar\u00e1 la eficiencia en producci\u00f3n de barriles de petr\u00f3leo y ahorro energ\u00e9tico y monetario.<\/p>\n<p style=\"text-align: justify;\"><strong>Sobre las NAMAs<\/strong><\/p>\n<p style=\"text-align: justify;\">Las Acciones Nacionales Apropiadas de Mitigaci\u00f3n (NAMAs) surgieron durante las negociaciones de Cambio Clim\u00e1tico de las Naciones Unidas, en el marco de la Conferencia de las Partes (COP) n\u00famero 13 realizada en Bali. Su origen tuvo como objeto la creaci\u00f3n de una herramienta adicional para promover el desarrollo sustentable de los pa\u00edses en desarrollo.<\/p>\n<p style=\"text-align: justify;\">Las NAMAs pueden ser apoyadas y fortalecidas por tecnolog\u00eda, financiamiento y creaci\u00f3n de capacidades, de forma medible, reportable y verificable (MRV). Durante los acuerdos de Canc\u00fan, las NAMAs retomaron mayor importancia, al consider\u00e1rselas una herramienta adicional para que los pa\u00edses en desarrollo contribuyeran al esfuerzo global de reducir las emisiones de Gases de Efecto Invernadero (GEI).<\/p>\n<p style=\"text-align: justify;\"><strong>\u00a0Acciones del MAE<\/strong><\/p>\n<p style=\"text-align: justify;\">El MAE\u00a0 prev\u00e9 acciones para generar a nivel nacional la construcci\u00f3n de capacidades y reducir emisiones a trav\u00e9s de la implementaci\u00f3n de NAMAs, emite procedimientos pertinentes para el desarrollo e implementaci\u00f3n de propuestas y genera v\u00ednculos interinstitucionales de coordinaci\u00f3n con otras instancias de la Funci\u00f3n Ejecutiva y con el Secretariado de la Convenci\u00f3n Marco de Naciones Unidas para el Cambio Clim\u00e1tico.<\/p>\n","protected":false},"excerpt":{"rendered":"<p class=\"excerpt\">Como \u201cuna excelente noticia\u201d calific\u00f3 la Ministra del Ambiente Lorena Tapia a la firma del\u00a0 Convenio Marco de Cooperaci\u00f3n Interinsitucional para la Optimizaci\u00f3n de Generaci\u00f3n El\u00e9ctrica y Eficiencia Energ\u00e9tica (OGE&amp;EE), suscrito hoy con Petroamazonas EP y que tiene relaci\u00f3n con el cambio de matriz energ\u00e9tica que impulsa el Gobierno Nacional. La Ministra Tapia, manifest\u00f3 su absoluto compromiso y destac\u00f3 que&hellip; <a href=\"https:\/\/www.ambienteyenergia.gob.ec\/ambiente\/ministerio-del-ambiente-y-petroamazonas-firmaron-convenio-marco-de-cooperacion-interinsitucional-para-la-optimizacion-de-generacion-electrica-y-eficiencia-energetica-ogeee\/\">Read more &rarr;<\/a><\/p>\n","protected":false},"author":13,"featured_media":18244,"comment_status":"open","ping_status":"open","sticky":false,"template":"","format":"standard","meta":{"footnotes":""},"categories":[16,4],"tags":[],"class_list":["post-18243","post","type-post","status-publish","format-standard","has-post-thumbnail","hentry","category-comunicamos","category-noticias","xfolkentry"],"_links":{"self":[{"href":"https:\/\/www.ambienteyenergia.gob.ec\/ambiente\/wp-json\/wp\/v2\/posts\/18243","targetHints":{"allow":["GET"]}}],"collection":[{"href":"https:\/\/www.ambienteyenergia.gob.ec\/ambiente\/wp-json\/wp\/v2\/posts"}],"about":[{"href":"https:\/\/www.ambienteyenergia.gob.ec\/ambiente\/wp-json\/wp\/v2\/types\/post"}],"author":[{"embeddable":true,"href":"https:\/\/www.ambienteyenergia.gob.ec\/ambiente\/wp-json\/wp\/v2\/users\/13"}],"replies":[{"embeddable":true,"href":"https:\/\/www.ambienteyenergia.gob.ec\/ambiente\/wp-json\/wp\/v2\/comments?post=18243"}],"version-history":[{"count":0,"href":"https:\/\/www.ambienteyenergia.gob.ec\/ambiente\/wp-json\/wp\/v2\/posts\/18243\/revisions"}],"wp:featuredmedia":[{"embeddable":true,"href":"https:\/\/www.ambienteyenergia.gob.ec\/ambiente\/wp-json\/wp\/v2\/media\/18244"}],"wp:attachment":[{"href":"https:\/\/www.ambienteyenergia.gob.ec\/ambiente\/wp-json\/wp\/v2\/media?parent=18243"}],"wp:term":[{"taxonomy":"category","embeddable":true,"href":"https:\/\/www.ambienteyenergia.gob.ec\/ambiente\/wp-json\/wp\/v2\/categories?post=18243"},{"taxonomy":"post_tag","embeddable":true,"href":"https:\/\/www.ambienteyenergia.gob.ec\/ambiente\/wp-json\/wp\/v2\/tags?post=18243"}],"curies":[{"name":"wp","href":"https:\/\/api.w.org\/{rel}","templated":true}]}}