{"id":18228,"date":"2014-02-08T00:00:21","date_gmt":"2014-02-08T05:00:21","guid":{"rendered":"http:\/\/www.ambiente.gob.ec\/?p=18228"},"modified":"2014-02-10T10:12:15","modified_gmt":"2014-02-10T15:12:15","slug":"ministra-de-ambiente-participa-en-sesion-de-consejo-de-gobierno","status":"publish","type":"post","link":"https:\/\/www.ambienteyenergia.gob.ec\/ambiente\/ministra-de-ambiente-participa-en-sesion-de-consejo-de-gobierno\/","title":{"rendered":"Ministra de Ambiente participa en Sesi\u00f3n de Consejo de Gobierno"},"content":{"rendered":"<p style=\"text-align: justify;\" align=\"center\"><i>La autoridad ambiental cumpli\u00f3 una apretada agenda de trabajo en el archipi\u00e9lago.<\/i><\/p>\n<p style=\"text-align: justify;\">La Ministra de Ambiente, Lorena Tapia, lleg\u00f3 hoy a las islas Gal\u00e1pagos para cumplir con varias actividades relacionadas con la gesti\u00f3n ambiental gubernamental. Tras su llegada a la isla San Crist\u00f3bal, capital de la regi\u00f3n, atendi\u00f3 a los medios de comunicaci\u00f3n locales en una entrevista transmitida a nivel provincial, en la que respondi\u00f3 inquietudes colectivas y de inter\u00e9s de los galapague\u00f1os como el estudio de la capacidad de carga aceptable para Gal\u00e1pagos y la responsabilidad que implica la reciente nominaci\u00f3n de Gal\u00e1pagos como el primer sitio que se debe conocer antes de morir.<\/p>\n<p style=\"text-align: justify;\">En esta intervenci\u00f3n la Ministra Tapia enfatiz\u00f3 que la menci\u00f3n reafirma el compromiso adquirido por el Ministerio del Ambiente por mantener a Gal\u00e1pagos como el archipi\u00e9lago volc\u00e1nico mejor conservado del mundo. Aprovech\u00f3 la oportunidad para enviar un mensaje a la ciudadan\u00eda motivando a involucrarse en la gesti\u00f3n ambiental \u201cLas acciones de conservaci\u00f3n van de la mano del apoyo de la ciudadan\u00eda, visitantes y autoridades\u201d mencion\u00f3.<\/p>\n<p style=\"text-align: justify;\">Posteriormente, particip\u00f3 de la sesi\u00f3n ordinaria del Consejo de Gobierno del R\u00e9gimen Especial de Gal\u00e1pagos desarrollado la tarde y noche de hoy.<\/p>\n<p style=\"text-align: justify;\">El Consejo de Gobierno en pleno sesion\u00f3 con la asistencia de la Ministra Mar\u00eda Isabel Salvador, quien lo preside; la Ministra de Ambiente, Lorena Tapia; los delegados del Ministerio de Turismo; \u00a0Secretar\u00eda Nacional de Planificaci\u00f3n y Desarrollo (Senplades); Gobierno Aut\u00f3nomo Descentralizado Municipal de Santa Cruz, San Crist\u00f3bal e Isabela. Como invitados participaron el Gobernador de la Provincia, el Director del Parque Nacional Gal\u00e1pagos, ambos invitados permanentes; el representante del Ministerio de Relaciones Laborales y Ministerio de Obras P\u00fablicas.<\/p>\n<p style=\"text-align: justify;\">En la sesi\u00f3n del Consejo en pleno, que inici\u00f3 a las 15:30 de hoy, se incluyeron once puntos en la agenda, los que responden a un seguimiento de temas establecidos por el mismo cuerpo colegiado, como prioridades para la gesti\u00f3n de las pol\u00edticas y planificaci\u00f3n regional en Gal\u00e1pagos.<\/p>\n<p style=\"text-align: justify;\">Entre los temas tratados se destacan el seguimientos a las pol\u00edticas de movilidad a implementarse; conocimiento y an\u00e1lisis referente a la regularizaci\u00f3n de la infraestructura tur\u00edstica de alojamiento en Gal\u00e1pagos.<\/p>\n","protected":false},"excerpt":{"rendered":"<p class=\"excerpt\">La autoridad ambiental cumpli\u00f3 una apretada agenda de trabajo en el archipi\u00e9lago. La Ministra de Ambiente, Lorena Tapia, lleg\u00f3 hoy a las islas Gal\u00e1pagos para cumplir con varias actividades relacionadas con la gesti\u00f3n ambiental gubernamental. Tras su llegada a la isla San Crist\u00f3bal, capital de la regi\u00f3n, atendi\u00f3 a los medios de comunicaci\u00f3n locales en una entrevista transmitida a nivel&hellip; <a href=\"https:\/\/www.ambienteyenergia.gob.ec\/ambiente\/ministra-de-ambiente-participa-en-sesion-de-consejo-de-gobierno\/\">Read more &rarr;<\/a><\/p>\n","protected":false},"author":13,"featured_media":18231,"comment_status":"open","ping_status":"open","sticky":false,"template":"","format":"standard","meta":{"footnotes":""},"categories":[16,4],"tags":[394,387],"class_list":["post-18228","post","type-post","status-publish","format-standard","has-post-thumbnail","hentry","category-comunicamos","category-noticias","tag-direccion-del-parque-nacional-galapagos","tag-mae-lorena-tapia","xfolkentry"],"_links":{"self":[{"href":"https:\/\/www.ambienteyenergia.gob.ec\/ambiente\/wp-json\/wp\/v2\/posts\/18228","targetHints":{"allow":["GET"]}}],"collection":[{"href":"https:\/\/www.ambienteyenergia.gob.ec\/ambiente\/wp-json\/wp\/v2\/posts"}],"about":[{"href":"https:\/\/www.ambienteyenergia.gob.ec\/ambiente\/wp-json\/wp\/v2\/types\/post"}],"author":[{"embeddable":true,"href":"https:\/\/www.ambienteyenergia.gob.ec\/ambiente\/wp-json\/wp\/v2\/users\/13"}],"replies":[{"embeddable":true,"href":"https:\/\/www.ambienteyenergia.gob.ec\/ambiente\/wp-json\/wp\/v2\/comments?post=18228"}],"version-history":[{"count":0,"href":"https:\/\/www.ambienteyenergia.gob.ec\/ambiente\/wp-json\/wp\/v2\/posts\/18228\/revisions"}],"wp:featuredmedia":[{"embeddable":true,"href":"https:\/\/www.ambienteyenergia.gob.ec\/ambiente\/wp-json\/wp\/v2\/media\/18231"}],"wp:attachment":[{"href":"https:\/\/www.ambienteyenergia.gob.ec\/ambiente\/wp-json\/wp\/v2\/media?parent=18228"}],"wp:term":[{"taxonomy":"category","embeddable":true,"href":"https:\/\/www.ambienteyenergia.gob.ec\/ambiente\/wp-json\/wp\/v2\/categories?post=18228"},{"taxonomy":"post_tag","embeddable":true,"href":"https:\/\/www.ambienteyenergia.gob.ec\/ambiente\/wp-json\/wp\/v2\/tags?post=18228"}],"curies":[{"name":"wp","href":"https:\/\/api.w.org\/{rel}","templated":true}]}}