{"id":18212,"date":"2014-02-07T14:37:20","date_gmt":"2014-02-07T19:37:20","guid":{"rendered":"http:\/\/www.ambiente.gob.ec\/?p=18212"},"modified":"2014-02-07T16:14:31","modified_gmt":"2014-02-07T21:14:31","slug":"mae-santo-domingo-de-los-tsachilas-rescata-y-reinserta-fauna-silvestre-en-la-region","status":"publish","type":"post","link":"https:\/\/www.ambienteyenergia.gob.ec\/ambiente\/mae-santo-domingo-de-los-tsachilas-rescata-y-reinserta-fauna-silvestre-en-la-region\/","title":{"rendered":"MAE Santo Domingo  de los Ts\u00e1chilas rescata y reinserta fauna silvestre en la regi\u00f3n"},"content":{"rendered":"<p style=\"text-align: justify;\">Durante la semana del 3 al 7 de febrero, el Ministerio del Ambiente del Ecuador\u00a0 (MAE), en coordinaci\u00f3n con la Unidad de Protecci\u00f3n del Medio Ambiente de la Polic\u00eda Nacional (UPMA), realiz\u00f3 varios operativos de control y tr\u00e1fico de vida silvestre en la provincia de Santo Domingo de los Ts\u00e1chilas.<\/p>\n<p style=\"text-align: justify;\">Varias entregas fueron voluntarias y entre ellas constan los siguientes espec\u00edmenes: un loro real (<i>Amazona sp.<\/i>) un perezoso de dos u\u00f1as (<i>Choloepus hoffmanni<\/i>), un cusumbo (<i>Potos flavus<\/i>), un caim\u00e1n (<i>Caiman crocodrilus<\/i>) y una gallareta (<i>Gallinula chloropus<\/i>).<\/p>\n<p style=\"text-align: justify;\">El cusumbo estaba herido, al parecer fue golpeado, despu\u00e9s de su hallazgo el veterinario lo medic\u00f3 y se encuentra en recuperaci\u00f3n favorable, hasta el momento. El loro est\u00e1 en buenas condiciones de salud y en cuarentena, donde ser\u00e1 monitoreado y alimentado para determinar su estado.<\/p>\n<p style=\"text-align: justify;\">Los dem\u00e1s animales, luego de la respectiva valoraci\u00f3n m\u00e9dica por el profesional, fueron reinsertados en su h\u00e1bitat natural. El perezoso de dos u\u00f1as, en el bosque nativo, el caim\u00e1n y la gallareta, en un humedal que posee el Centro de Rescate de Vida Silvestre \u201cCarlos Becdach\u201d ubicado en la v\u00eda Santo Domingo-La Concordia Km 34.<\/p>\n<p style=\"text-align: justify;\">Estos operativos se ejecutan permanentemente por el MAE, con la finalidad de precautelar el bienestar de varias especies de la regi\u00f3n. La Autoridad Ambiental continuar\u00e1 con los operativos de control y a la vez, seguir\u00e1 informando a la ciudadan\u00eda sobre la prohibici\u00f3n de tenencia de especies de vida silvestre.<\/p>\n<p style=\"text-align: justify;\"><a href=\"http:\/\/www.ambienteyenergia.gob.ec\/ambiente\/wp-content\/uploads\/2014\/02\/23.jpg\"><img loading=\"lazy\" decoding=\"async\" class=\"aligncenter size-full wp-image-18214\" alt=\"MAE Santo Domingo  de los Tsachilas rescata y reinserta fauna silvestre en la regi\u00f3n\" src=\"http:\/\/www.ambienteyenergia.gob.ec\/ambiente\/wp-content\/uploads\/2014\/02\/23.jpg\" width=\"650\" height=\"488\" srcset=\"https:\/\/www.ambienteyenergia.gob.ec\/ambiente\/wp-content\/uploads\/sites\/2\/2014\/02\/23.jpg 650w, https:\/\/www.ambienteyenergia.gob.ec\/ambiente\/wp-content\/uploads\/sites\/2\/2014\/02\/23-300x225.jpg 300w, https:\/\/www.ambienteyenergia.gob.ec\/ambiente\/wp-content\/uploads\/sites\/2\/2014\/02\/23-399x300.jpg 399w\" sizes=\"auto, (max-width: 650px) 100vw, 650px\" \/><\/a> <a href=\"http:\/\/www.ambienteyenergia.gob.ec\/ambiente\/wp-content\/uploads\/2014\/02\/3.jpg\"><img loading=\"lazy\" decoding=\"async\" class=\"aligncenter size-full wp-image-18215\" alt=\"MAE Santo Domingo  de los Tsachilas rescata y reinserta fauna silvestre en la regi\u00f3n\" src=\"http:\/\/www.ambienteyenergia.gob.ec\/ambiente\/wp-content\/uploads\/2014\/02\/3.jpg\" width=\"650\" height=\"488\" srcset=\"https:\/\/www.ambienteyenergia.gob.ec\/ambiente\/wp-content\/uploads\/sites\/2\/2014\/02\/3.jpg 650w, https:\/\/www.ambienteyenergia.gob.ec\/ambiente\/wp-content\/uploads\/sites\/2\/2014\/02\/3-300x225.jpg 300w, https:\/\/www.ambienteyenergia.gob.ec\/ambiente\/wp-content\/uploads\/sites\/2\/2014\/02\/3-399x300.jpg 399w\" sizes=\"auto, (max-width: 650px) 100vw, 650px\" \/><\/a><\/p>\n","protected":false},"excerpt":{"rendered":"<p class=\"excerpt\">Durante la semana del 3 al 7 de febrero, el Ministerio del Ambiente del Ecuador\u00a0 (MAE), en coordinaci\u00f3n con la Unidad de Protecci\u00f3n del Medio Ambiente de la Polic\u00eda Nacional (UPMA), realiz\u00f3 varios operativos de control y tr\u00e1fico de vida silvestre en la provincia de Santo Domingo de los Ts\u00e1chilas. Varias entregas fueron voluntarias y entre ellas constan los siguientes&hellip; <a href=\"https:\/\/www.ambienteyenergia.gob.ec\/ambiente\/mae-santo-domingo-de-los-tsachilas-rescata-y-reinserta-fauna-silvestre-en-la-region\/\">Read more &rarr;<\/a><\/p>\n","protected":false},"author":13,"featured_media":18213,"comment_status":"open","ping_status":"open","sticky":false,"template":"","format":"standard","meta":{"footnotes":""},"categories":[16,4],"tags":[],"class_list":["post-18212","post","type-post","status-publish","format-standard","has-post-thumbnail","hentry","category-comunicamos","category-noticias","xfolkentry"],"_links":{"self":[{"href":"https:\/\/www.ambienteyenergia.gob.ec\/ambiente\/wp-json\/wp\/v2\/posts\/18212","targetHints":{"allow":["GET"]}}],"collection":[{"href":"https:\/\/www.ambienteyenergia.gob.ec\/ambiente\/wp-json\/wp\/v2\/posts"}],"about":[{"href":"https:\/\/www.ambienteyenergia.gob.ec\/ambiente\/wp-json\/wp\/v2\/types\/post"}],"author":[{"embeddable":true,"href":"https:\/\/www.ambienteyenergia.gob.ec\/ambiente\/wp-json\/wp\/v2\/users\/13"}],"replies":[{"embeddable":true,"href":"https:\/\/www.ambienteyenergia.gob.ec\/ambiente\/wp-json\/wp\/v2\/comments?post=18212"}],"version-history":[{"count":0,"href":"https:\/\/www.ambienteyenergia.gob.ec\/ambiente\/wp-json\/wp\/v2\/posts\/18212\/revisions"}],"wp:featuredmedia":[{"embeddable":true,"href":"https:\/\/www.ambienteyenergia.gob.ec\/ambiente\/wp-json\/wp\/v2\/media\/18213"}],"wp:attachment":[{"href":"https:\/\/www.ambienteyenergia.gob.ec\/ambiente\/wp-json\/wp\/v2\/media?parent=18212"}],"wp:term":[{"taxonomy":"category","embeddable":true,"href":"https:\/\/www.ambienteyenergia.gob.ec\/ambiente\/wp-json\/wp\/v2\/categories?post=18212"},{"taxonomy":"post_tag","embeddable":true,"href":"https:\/\/www.ambienteyenergia.gob.ec\/ambiente\/wp-json\/wp\/v2\/tags?post=18212"}],"curies":[{"name":"wp","href":"https:\/\/api.w.org\/{rel}","templated":true}]}}