{"id":18204,"date":"2014-02-07T10:57:56","date_gmt":"2014-02-07T15:57:56","guid":{"rendered":"http:\/\/www.ambiente.gob.ec\/?p=18204"},"modified":"2014-02-10T08:39:31","modified_gmt":"2014-02-10T13:39:31","slug":"national-geographic-travel-invita-a-ciclear-en-el-cotopaxi","status":"publish","type":"post","link":"https:\/\/www.ambienteyenergia.gob.ec\/ambiente\/national-geographic-travel-invita-a-ciclear-en-el-cotopaxi\/","title":{"rendered":"National Geographic Travel invita a \u201cciclear\u201d en el Cotopaxi"},"content":{"rendered":"<p style=\"text-align: justify;\">La reconocida revista norteamericana National Geographic Travel, a trav\u00e9s de un reportaje titulado \u201cThe best of travel of the region South\u201d, (Lo mejor del viaje de la regi\u00f3n Am\u00e9rica del Sur), reconoci\u00f3\u00a0al Ecuador como una de las mejores experiencias en ciclismo de monta\u00f1a.<\/p>\n<p style=\"text-align: justify;\">\u201cEl volc\u00e1n Cotopaxi tiene un conjunto de paisajes extraordinarios, es un p\u00e1ramo de gran biodiversidad, con caminos para realizar ciclismo de monta\u00f1a, compuestos por paseos dif\u00edciles y cuestas\u201d asever\u00f3 Daniel Allen, reportero de National Geographic, en noviembre pasado.<\/p>\n<p style=\"text-align: justify;\">En la nota el periodista destac\u00f3 la aventura de viajar en bicicleta y atravesar una extensa \u00e1rea de zona protegida, como es el Parque Nacional.<\/p>\n<p style=\"text-align: justify;\">Referente a esto, es importante destacar que en el Cotopaxi se puede disfrutar de\u00a0al menos 17 especies de mam\u00edferos y 37\u00a0variedades de\u00a0aves.<\/p>\n<p style=\"text-align: justify;\">Entre los mam\u00edferos que habitan en el\u00a0lugar\u00a0se encuentran\u00a0las llamas, manadas de caballos salvajes\u00a0(en los sectores norte y oriental del parque), venados de cola blanca, osos de anteojos, pumas, conejos, lobos\u00a0de p\u00e1ramo entre otros.\u00a0Las aves m\u00e1s importantes son el gavil\u00e1n, halc\u00f3n, pato, b\u00faho, lechuza, el c\u00f3ndor y colibr\u00edes.<\/p>\n<p style=\"text-align: justify;\"><strong>El dato<\/strong><\/p>\n<p style=\"text-align: justify;\">El Parque est\u00e1 ubicado a 60 km de la ciudad de Quito, desde la cual se debe utilizar la Carretera Panamericana Sur hasta la entrada al Caspi.<\/p>\n","protected":false},"excerpt":{"rendered":"<p class=\"excerpt\">La reconocida revista norteamericana National Geographic Travel, a trav\u00e9s de un reportaje titulado \u201cThe best of travel of the region South\u201d, (Lo mejor del viaje de la regi\u00f3n Am\u00e9rica del Sur), reconoci\u00f3\u00a0al Ecuador como una de las mejores experiencias en ciclismo de monta\u00f1a. \u201cEl volc\u00e1n Cotopaxi tiene un conjunto de paisajes extraordinarios, es un p\u00e1ramo de gran biodiversidad, con caminos&hellip; <a href=\"https:\/\/www.ambienteyenergia.gob.ec\/ambiente\/national-geographic-travel-invita-a-ciclear-en-el-cotopaxi\/\">Read more &rarr;<\/a><\/p>\n","protected":false},"author":13,"featured_media":18205,"comment_status":"open","ping_status":"open","sticky":false,"template":"","format":"standard","meta":{"footnotes":""},"categories":[16,4],"tags":[],"class_list":["post-18204","post","type-post","status-publish","format-standard","has-post-thumbnail","hentry","category-comunicamos","category-noticias","xfolkentry"],"_links":{"self":[{"href":"https:\/\/www.ambienteyenergia.gob.ec\/ambiente\/wp-json\/wp\/v2\/posts\/18204","targetHints":{"allow":["GET"]}}],"collection":[{"href":"https:\/\/www.ambienteyenergia.gob.ec\/ambiente\/wp-json\/wp\/v2\/posts"}],"about":[{"href":"https:\/\/www.ambienteyenergia.gob.ec\/ambiente\/wp-json\/wp\/v2\/types\/post"}],"author":[{"embeddable":true,"href":"https:\/\/www.ambienteyenergia.gob.ec\/ambiente\/wp-json\/wp\/v2\/users\/13"}],"replies":[{"embeddable":true,"href":"https:\/\/www.ambienteyenergia.gob.ec\/ambiente\/wp-json\/wp\/v2\/comments?post=18204"}],"version-history":[{"count":0,"href":"https:\/\/www.ambienteyenergia.gob.ec\/ambiente\/wp-json\/wp\/v2\/posts\/18204\/revisions"}],"wp:featuredmedia":[{"embeddable":true,"href":"https:\/\/www.ambienteyenergia.gob.ec\/ambiente\/wp-json\/wp\/v2\/media\/18205"}],"wp:attachment":[{"href":"https:\/\/www.ambienteyenergia.gob.ec\/ambiente\/wp-json\/wp\/v2\/media?parent=18204"}],"wp:term":[{"taxonomy":"category","embeddable":true,"href":"https:\/\/www.ambienteyenergia.gob.ec\/ambiente\/wp-json\/wp\/v2\/categories?post=18204"},{"taxonomy":"post_tag","embeddable":true,"href":"https:\/\/www.ambienteyenergia.gob.ec\/ambiente\/wp-json\/wp\/v2\/tags?post=18204"}],"curies":[{"name":"wp","href":"https:\/\/api.w.org\/{rel}","templated":true}]}}