{"id":18202,"date":"2014-02-07T10:54:51","date_gmt":"2014-02-07T15:54:51","guid":{"rendered":"http:\/\/www.ambiente.gob.ec\/?p=18202"},"modified":"2014-02-07T11:24:42","modified_gmt":"2014-02-07T16:24:42","slug":"cierre-temporal-de-los-senderos-en-la-reserva-cayambe-coca","status":"publish","type":"post","link":"https:\/\/www.ambienteyenergia.gob.ec\/ambiente\/cierre-temporal-de-los-senderos-en-la-reserva-cayambe-coca\/","title":{"rendered":"Cierre temporal de los Senderos en la Reserva Cayambe Coca"},"content":{"rendered":"<p style=\"text-align: justify;\">Durante la madrugada y ma\u00f1ana del pasado 5 de febrero, la Direcci\u00f3n Provincial del Ambiente de Sucumb\u00edos, conjuntamente con la Direcci\u00f3n Nacional de Biodiversidad y el Proyecto de <b>Patrimonio de \u00c1reas Naturales del Estado<\/b> (PANE),\u00a0 recorrieron la\u00a0 reserva Cayambe Coca para verificar<i> <\/i>los da\u00f1os en el sendero,\u00a0 provocados por\u00a0 fuertes precipitaciones.<\/p>\n<p style=\"text-align: justify;\">Se\u00a0 registraron alrededor de 18 aludes que inhabilitaron la v\u00eda, un 60%\u00a0 de grietas, piedras y lodo que removieron toda la cobertura vegetal, obstaculizando los caminos. Aproximadamente el 80% del sendero presenta da\u00f1os en la infraestructura. Hay un puente destruido y otro puente inseguro para realizar caminatas.<\/p>\n<p style=\"text-align: justify;\">Como una medida inicial se restringi\u00f3 totalmente el ingreso de visitantes a la Cascada de San Rafael, el objetivo es salvaguardar la integridad de los turistas y facilitar las labores de limpieza y remoci\u00f3n.<\/p>\n<p style=\"text-align: justify;\">El Ministerio del Ambiente del Ecuador,\u00a0 eval\u00faa y rehabilita el \u00e1rea protegida, velando la integridad de los visitantes y la conservaci\u00f3n de la Reserva Cayambe &#8211; Coca. En pr\u00f3ximos d\u00edas se informar\u00e1 a la ciudadan\u00eda la fecha de apertura de los senderos y la reanudaci\u00f3n del turismo en el lugar.<\/p>\n","protected":false},"excerpt":{"rendered":"<p class=\"excerpt\">Durante la madrugada y ma\u00f1ana del pasado 5 de febrero, la Direcci\u00f3n Provincial del Ambiente de Sucumb\u00edos, conjuntamente con la Direcci\u00f3n Nacional de Biodiversidad y el Proyecto de Patrimonio de \u00c1reas Naturales del Estado (PANE),\u00a0 recorrieron la\u00a0 reserva Cayambe Coca para verificar los da\u00f1os en el sendero,\u00a0 provocados por\u00a0 fuertes precipitaciones. Se\u00a0 registraron alrededor de 18 aludes que inhabilitaron la&hellip; <a href=\"https:\/\/www.ambienteyenergia.gob.ec\/ambiente\/cierre-temporal-de-los-senderos-en-la-reserva-cayambe-coca\/\">Read more &rarr;<\/a><\/p>\n","protected":false},"author":13,"featured_media":18208,"comment_status":"open","ping_status":"open","sticky":false,"template":"","format":"standard","meta":{"footnotes":""},"categories":[16,4],"tags":[],"class_list":["post-18202","post","type-post","status-publish","format-standard","has-post-thumbnail","hentry","category-comunicamos","category-noticias","xfolkentry"],"_links":{"self":[{"href":"https:\/\/www.ambienteyenergia.gob.ec\/ambiente\/wp-json\/wp\/v2\/posts\/18202","targetHints":{"allow":["GET"]}}],"collection":[{"href":"https:\/\/www.ambienteyenergia.gob.ec\/ambiente\/wp-json\/wp\/v2\/posts"}],"about":[{"href":"https:\/\/www.ambienteyenergia.gob.ec\/ambiente\/wp-json\/wp\/v2\/types\/post"}],"author":[{"embeddable":true,"href":"https:\/\/www.ambienteyenergia.gob.ec\/ambiente\/wp-json\/wp\/v2\/users\/13"}],"replies":[{"embeddable":true,"href":"https:\/\/www.ambienteyenergia.gob.ec\/ambiente\/wp-json\/wp\/v2\/comments?post=18202"}],"version-history":[{"count":0,"href":"https:\/\/www.ambienteyenergia.gob.ec\/ambiente\/wp-json\/wp\/v2\/posts\/18202\/revisions"}],"wp:featuredmedia":[{"embeddable":true,"href":"https:\/\/www.ambienteyenergia.gob.ec\/ambiente\/wp-json\/wp\/v2\/media\/18208"}],"wp:attachment":[{"href":"https:\/\/www.ambienteyenergia.gob.ec\/ambiente\/wp-json\/wp\/v2\/media?parent=18202"}],"wp:term":[{"taxonomy":"category","embeddable":true,"href":"https:\/\/www.ambienteyenergia.gob.ec\/ambiente\/wp-json\/wp\/v2\/categories?post=18202"},{"taxonomy":"post_tag","embeddable":true,"href":"https:\/\/www.ambienteyenergia.gob.ec\/ambiente\/wp-json\/wp\/v2\/tags?post=18202"}],"curies":[{"name":"wp","href":"https:\/\/api.w.org\/{rel}","templated":true}]}}