{"id":18200,"date":"2014-02-06T18:47:44","date_gmt":"2014-02-06T23:47:44","guid":{"rendered":"http:\/\/www.ambiente.gob.ec\/?p=18200"},"modified":"2014-02-06T18:47:44","modified_gmt":"2014-02-06T23:47:44","slug":"tribunal-sentencia-a-30-implicados-en-peculado-contra-el-ministerio-del-ambiente","status":"publish","type":"post","link":"https:\/\/www.ambienteyenergia.gob.ec\/ambiente\/tribunal-sentencia-a-30-implicados-en-peculado-contra-el-ministerio-del-ambiente\/","title":{"rendered":"Tribunal sentencia a 30 implicados en peculado contra el Ministerio del Ambiente"},"content":{"rendered":"<p style=\"text-align: justify;\">Dentro del juicio de peculado asignado con el No. 0053-2013, el Tribunal Tercero de Garant\u00edas Penal de Pichincha dict\u00f3 sentencia, en la que 30 personas resultaron culpables; esta investigaci\u00f3n inici\u00f3 en mayo de 2012 tras la denuncia de un desv\u00edo de fondos desde las cuentas de esta Cartera de Estado. Luego del an\u00e1lisis respectivo de cada uno de estos implicados se resolvi\u00f3 de la siguiente manera:<\/p>\n<ul style=\"text-align: justify;\">\n<li>23 procesados fueron encontrados culpables en calidad de autores del delito de Peculado, 22 de los cuales se les impuso una pena de 8 a\u00f1os de Reclusi\u00f3n Mayor Ordinaria y 1 procesado con pena de 12 a\u00f1os de Reclusi\u00f3n Mayor Ordinaria;<\/li>\n<li>7 procesados fueron encontrados culpables en calidad de c\u00f3mplices del delito de Peculado con una pena de 4 a\u00f1os de Reclusi\u00f3n Menor Ordinaria.<\/li>\n<li><span style=\"text-align: justify;\">19 procesados fueron encontrados inocentes, 2 de los cuales por falta de acusaci\u00f3n del Fiscal.\u00a0<\/span><\/li>\n<\/ul>\n<p style=\"text-align: justify;\">La sentencia incluye costos por da\u00f1os y perjuicios, conforme lo determina el art\u00edculo 309 numeral cinco del C\u00f3digo de Procedimiento Penal, mismo que fija una cantidad de 7.360.798,75 d\u00f3lares americanos.<\/p>\n<p style=\"text-align: justify;\">Por otra parte el Tribunal ordena el desbloqueo de las cuentas y valores retenidos y su entrega y\/o transferencia al Ministerio del Ambiente, de las cuentas afectadas por retenci\u00f3n de los valores transferidos y pertenecientes a esta Cartera de Estado, para lo cual el Tribunal oficiar\u00e1 a cada una de las instituciones bancarias, con el detalle de dichas retenciones a efectos de que procedan a la restituci\u00f3n al Ministerio del Ambiente.<\/p>\n<p style=\"text-align: justify;\">El Tribunal ofici\u00f3 a la Polic\u00eda Nacional del Ecuador a efectos de que proceda a la localizaci\u00f3n y captura de los sentenciados que se encuentran pr\u00f3fugos y\/o beneficiarios de la medida alternativa a la prisi\u00f3n preventiva.<\/p>\n<p style=\"text-align: justify;\">Durante todo el proceso, el MAE, como acusador particular, ha colaborado con las autoridades para determinar a todos los responsables del hecho ocurrido en el 2011. Esta Cartera de Estado solicit\u00f3 en la audiencia de juzgamiento que los sentenciados paguen por da\u00f1os y perjuicios.<\/p>\n<p style=\"text-align: justify;\">Cronolog\u00eda del caso<\/p>\n<ul>\n<li style=\"text-align: justify;\">En mayo del 2012, el MAE determin\u00f3 que exist\u00eda un desv\u00edo de fondos en esta Cartera de Estado.<\/li>\n<li style=\"text-align: justify;\"><span style=\"text-align: justify;\">El delito que se investig\u00f3 por apropiaci\u00f3n il\u00edcita fue cambiado al de Peculado.\u00a0<\/span><\/li>\n<li style=\"text-align: justify;\">En total, 26 personas est\u00e1n pr\u00f3fugas.<\/li>\n<li style=\"text-align: justify;\">El viernes\u00a011 de enero\u00a0del 2013, el Juez Octavo de Garant\u00edas Penales de Pichincha, Dr. Ivan Merchan Aguirre, dictamin\u00f3 prisi\u00f3n preventiva a D. Guzm\u00e1n y W. P\u00e9rez. Estas personas que no eran funcionarios ni proveedores del MAE intervinieron en el desv\u00edo de fondos con sus claves y usuarios en los sistemas financieros del Estado.<\/li>\n<li style=\"text-align: justify;\">El MAE fue sujeto de una auditor\u00eda por parte de la Contralor\u00eda.<\/li>\n<li style=\"text-align: justify;\"><span style=\"text-align: justify;\">El jueves\u00a031 de enero, el Juez Octavo de Garant\u00edas Penales de Pichincha, dictamin\u00f3 medidas cautelares sin prisi\u00f3n a cinco personas m\u00e1s que fueron vinculadas al caso del desv\u00edo de fondos del Ministerio del Ambiente (MAE).\u00a0<\/span><\/li>\n<li style=\"text-align: justify;\"><span style=\"text-align: justify;\">Durante la Audiencia se recibi\u00f3 los testimonios de los acusados y de los testigos llamados por la defensa de los\u00a0hoy\u00a0procesados.\u00a0<\/span><\/li>\n<li style=\"text-align: justify;\"><span style=\"text-align: justify;\">La fase de pruebas y debates dentro de la audiencia de juzgamiento termin\u00f3 la ma\u00f1ana de\u00a0hoy\u00a010 de octubre\u00a0de 2013, siendo que el Tribunal Tercero de Garant\u00edas Penales de Pichincha, procedi\u00f3 a emitir su pronunciamiento en horas de la tarde.\u00a0<\/span><\/li>\n<\/ul>\n","protected":false},"excerpt":{"rendered":"<p class=\"excerpt\">Dentro del juicio de peculado asignado con el No. 0053-2013, el Tribunal Tercero de Garant\u00edas Penal de Pichincha dict\u00f3 sentencia, en la que 30 personas resultaron culpables; esta investigaci\u00f3n inici\u00f3 en mayo de 2012 tras la denuncia de un desv\u00edo de fondos desde las cuentas de esta Cartera de Estado. Luego del an\u00e1lisis respectivo de cada uno de estos implicados&hellip; <a href=\"https:\/\/www.ambienteyenergia.gob.ec\/ambiente\/tribunal-sentencia-a-30-implicados-en-peculado-contra-el-ministerio-del-ambiente\/\">Read more &rarr;<\/a><\/p>\n","protected":false},"author":13,"featured_media":17364,"comment_status":"open","ping_status":"open","sticky":false,"template":"","format":"standard","meta":{"footnotes":""},"categories":[16,4],"tags":[51,48,282,387],"class_list":["post-18200","post","type-post","status-publish","format-standard","has-post-thumbnail","hentry","category-comunicamos","category-noticias","tag-ambiente","tag-ecuador","tag-juicio-peculado","tag-mae-lorena-tapia","xfolkentry"],"_links":{"self":[{"href":"https:\/\/www.ambienteyenergia.gob.ec\/ambiente\/wp-json\/wp\/v2\/posts\/18200","targetHints":{"allow":["GET"]}}],"collection":[{"href":"https:\/\/www.ambienteyenergia.gob.ec\/ambiente\/wp-json\/wp\/v2\/posts"}],"about":[{"href":"https:\/\/www.ambienteyenergia.gob.ec\/ambiente\/wp-json\/wp\/v2\/types\/post"}],"author":[{"embeddable":true,"href":"https:\/\/www.ambienteyenergia.gob.ec\/ambiente\/wp-json\/wp\/v2\/users\/13"}],"replies":[{"embeddable":true,"href":"https:\/\/www.ambienteyenergia.gob.ec\/ambiente\/wp-json\/wp\/v2\/comments?post=18200"}],"version-history":[{"count":0,"href":"https:\/\/www.ambienteyenergia.gob.ec\/ambiente\/wp-json\/wp\/v2\/posts\/18200\/revisions"}],"wp:featuredmedia":[{"embeddable":true,"href":"https:\/\/www.ambienteyenergia.gob.ec\/ambiente\/wp-json\/wp\/v2\/media\/17364"}],"wp:attachment":[{"href":"https:\/\/www.ambienteyenergia.gob.ec\/ambiente\/wp-json\/wp\/v2\/media?parent=18200"}],"wp:term":[{"taxonomy":"category","embeddable":true,"href":"https:\/\/www.ambienteyenergia.gob.ec\/ambiente\/wp-json\/wp\/v2\/categories?post=18200"},{"taxonomy":"post_tag","embeddable":true,"href":"https:\/\/www.ambienteyenergia.gob.ec\/ambiente\/wp-json\/wp\/v2\/tags?post=18200"}],"curies":[{"name":"wp","href":"https:\/\/api.w.org\/{rel}","templated":true}]}}