{"id":18196,"date":"2014-02-06T17:51:55","date_gmt":"2014-02-06T22:51:55","guid":{"rendered":"http:\/\/www.ambiente.gob.ec\/?p=18196"},"modified":"2014-02-08T09:21:46","modified_gmt":"2014-02-08T14:21:46","slug":"los-guayaquilenos-deben-apropiarse-de-proyectos-emblematicos-y-pensar-en-el-futuro","status":"publish","type":"post","link":"https:\/\/www.ambienteyenergia.gob.ec\/ambiente\/los-guayaquilenos-deben-apropiarse-de-proyectos-emblematicos-y-pensar-en-el-futuro\/","title":{"rendered":"\u201cLos guayaquile\u00f1os debemos apropiarnos de proyectos emblem\u00e1ticos y pensar en el futuro\u201d"},"content":{"rendered":"<p style=\"text-align: justify;\">Hoy, la Ministra del Ambiente, Lorena Tapia, particip\u00f3 de varias entrevistas en distintos medios de comunicaci\u00f3n de la ciudad de Guayaquil, en los que se refiri\u00f3 a temas como la recuperaci\u00f3n del Estero Salado, medidas para controlar la tasa de deforestaci\u00f3n, Certificaci\u00f3n Ambiental Punto Verde y el \u00faltimo reconocimiento que recibi\u00f3 Gal\u00e1pagos.<\/p>\n<p style=\"text-align: justify;\">Respecto a la descontaminaci\u00f3n del Estero Salado, la M\u00e1xima Autoridad Ambiental explic\u00f3 sobre la visita t\u00e9cnica que realizaron especialistas franceses para analizar las posibilidades y alternativas para recuperar este importante espacio.<\/p>\n<p style=\"text-align: justify;\">El resultado de esta visita fue la concreci\u00f3n del compromiso adquirido por el Gobierno Franc\u00e9s, a trav\u00e9s del Instituto Nacional Ambiental, producto de la visita del Presidente de la Rep\u00fablica del Ecuador a Francia. Esta visita de campo fue liderada por el MAE, a efectos de que se pudieran valorar todas las condiciones de la problem\u00e1tica y poder tomar las mejores decisiones.<\/p>\n<p style=\"text-align: justify;\">\u00abLa raz\u00f3n fundamental era responder algunas inquietudes desde el punto de vista t\u00e9cnico. Finalmente, se determin\u00f3 que si se puede dragar, pero con un dragado de tipo hidr\u00e1ulico, esta medida si bien no es la soluci\u00f3n al problema, es una alternativa complementaria a otros espacios en los que se debe trabajar\u00bb, afirm\u00f3 Tapia.<\/p>\n<p style=\"text-align: justify;\">Asimismo, manifest\u00f3 que \u00abla restauraci\u00f3n del Estero Salado ya inici\u00f3 con algunos factores complementarios, pero con lo que vamos a arrancar como punto de partida es con la eliminaci\u00f3n de los estrangulamientos, ocho en total, siete en Puerto Lisa y uno en Puerto Palanqueado. Esta medida va a devolver al Estero la oxigenaci\u00f3n de sus aguas, que fue perdida por rellenos hist\u00f3ricos en este sitio, lo que evidencia que la administraci\u00f3n del Municipio de Guayaquil no ha atendido \u00e9sta problem\u00e1tica ambiental y social\u00bb.<\/p>\n<p style=\"text-align: justify;\">Por esta raz\u00f3n, el Gobierno se decide la declaratoria de \u00e1rea protegida respecto al espejo de agua y a partir de esta intervenci\u00f3n se hizo un diagn\u00f3stico de la problem\u00e1tica existente, es decir, c\u00f3mo se podr\u00eda abordar las causas de la contaminaci\u00f3n. \u00abUno de los problemas m\u00e1s graves son las descargas domiciliarias y las descargas industriales, para ello,\u00a0 hemos establecido la obligatoriedad para el financiamiento de la infraestructura de este sitio de influencia, a trav\u00e9s del Banco del Estado, as\u00ed se evitan las descargas directas\u00bb, dijo Tapia.<\/p>\n<p style=\"text-align: justify;\">Por otro lado, en el tema industrial \u00abhemos abordado desde el MAE, visitas y muestreos para determinar si existe un nivel de contaminaci\u00f3n por encima de la norma y en algunos casos se ha llegado a sanciones de car\u00e1cter administrativo con el apoyo del Ministerio del Salud P\u00fablica por ser su competencia\u00bb, se\u00f1al\u00f3 la Autoridad Ambiental.<\/p>\n<p style=\"text-align: justify;\"><strong>Medidas para controlar la deforestaci\u00f3n<\/strong><\/p>\n<p style=\"text-align: justify;\">De igual forma, Tapia recalc\u00f3 que la decisi\u00f3n de este Gobierno es atacar la deforestaci\u00f3n, un ejemplo de ello, fue la Declaratoria del Estado de Excepci\u00f3n en la provincia de Esmeraldas. \u201cEsta Declaratoria permiti\u00f3 controlar la deforestaci\u00f3n, en toda la cadena de producci\u00f3n de la madera. La respuesta del Estado fue integrar una problem\u00e1tica que jam\u00e1s ha sido abordada como hasta ahora\u00bb, asever\u00f3 Tapia.<\/p>\n<p style=\"text-align: justify;\">Adem\u00e1s, asegur\u00f3 que cuando acabe este per\u00edodo de gobierno, se habr\u00e1 logrado otro hito hist\u00f3rico, acabar con la tasa de deforestaci\u00f3n hist\u00f3rica. \u00abTendremos un Ecuador verde, un pa\u00eds ecol\u00f3gico. As\u00ed que la meta de restauraci\u00f3n ambiental va de la mano de recuperar \u00e9sta tasa de de deforestaci\u00f3n acumulada\u00bb, ratific\u00f3 la Secretar\u00eda de Estado.<\/p>\n<p style=\"text-align: justify;\"><strong>Sobre la Certificaci\u00f3n Ambiental Punto Verde<\/strong><\/p>\n<p style=\"text-align: justify;\">La Ministra Tapia explic\u00f3 que la Certificaci\u00f3n Ambiental Punto Verde es el resultado, de que sin duda, el sector empresarial responsable a nivel ambiental tiene que ser reconocido. Punto Verde fue creado por MAE a partir de una serie de par\u00e1metros de ahorro y eficiencia en la producci\u00f3n. La certificaci\u00f3n significa que la empresa califica con alg\u00fan factor de ahorro de agua, energ\u00eda, entre otros aspectos.<\/p>\n<p style=\"text-align: justify;\">\u00abComo Autoridad Ambiental quiero invitar a todos los empresarios a que se acerquen al MAE y puedan informarse sobre la Certificaci\u00f3n Ambiental Punto Verde, que no es solo un reconocimiento ambiental, sino que tambi\u00e9n otorga derecho a una serie de beneficios legales y tributarios\u00bb, indic\u00f3 Tapia.<\/p>\n<p style=\"text-align: justify;\"><strong>Gal\u00e1pagos, uno de los sitios para visitar antes de morir<\/strong><\/p>\n<p style=\"text-align: justify;\">Sobre este tema, la Ministra del Ambiente declar\u00f3 que noticias como \u00e9sta comprometen al Ministerio del Ambiente a seguir trabajando por todas las \u00e1reas protegidas del pa\u00eds. \u00abLa experiencia del visitante al estar en contacto con la naturaleza hacen \u00fanico a Gal\u00e1pagos\u00bb.<\/p>\n<p style=\"text-align: justify;\">Una de las razones por las que Gal\u00e1pagos obtuvo este reconocimiento es debido a que el 95% de las especies registradas en el archipi\u00e9lago se han conservado intactas.<\/p>\n","protected":false},"excerpt":{"rendered":"<p class=\"excerpt\">Hoy, la Ministra del Ambiente, Lorena Tapia, particip\u00f3 de varias entrevistas en distintos medios de comunicaci\u00f3n de la ciudad de Guayaquil, en los que se refiri\u00f3 a temas como la recuperaci\u00f3n del Estero Salado, medidas para controlar la tasa de deforestaci\u00f3n, Certificaci\u00f3n Ambiental Punto Verde y el \u00faltimo reconocimiento que recibi\u00f3 Gal\u00e1pagos. Respecto a la descontaminaci\u00f3n del Estero Salado, la&hellip; <a href=\"https:\/\/www.ambienteyenergia.gob.ec\/ambiente\/los-guayaquilenos-deben-apropiarse-de-proyectos-emblematicos-y-pensar-en-el-futuro\/\">Read more &rarr;<\/a><\/p>\n","protected":false},"author":13,"featured_media":18197,"comment_status":"open","ping_status":"open","sticky":false,"template":"","format":"standard","meta":{"footnotes":""},"categories":[16,4],"tags":[350,56,68,107,387],"class_list":["post-18196","post","type-post","status-publish","format-standard","has-post-thumbnail","hentry","category-comunicamos","category-noticias","tag-deforestacion","tag-galapagos","tag-guayaquil","tag-guayaquil-ecologico","tag-mae-lorena-tapia","xfolkentry"],"_links":{"self":[{"href":"https:\/\/www.ambienteyenergia.gob.ec\/ambiente\/wp-json\/wp\/v2\/posts\/18196","targetHints":{"allow":["GET"]}}],"collection":[{"href":"https:\/\/www.ambienteyenergia.gob.ec\/ambiente\/wp-json\/wp\/v2\/posts"}],"about":[{"href":"https:\/\/www.ambienteyenergia.gob.ec\/ambiente\/wp-json\/wp\/v2\/types\/post"}],"author":[{"embeddable":true,"href":"https:\/\/www.ambienteyenergia.gob.ec\/ambiente\/wp-json\/wp\/v2\/users\/13"}],"replies":[{"embeddable":true,"href":"https:\/\/www.ambienteyenergia.gob.ec\/ambiente\/wp-json\/wp\/v2\/comments?post=18196"}],"version-history":[{"count":0,"href":"https:\/\/www.ambienteyenergia.gob.ec\/ambiente\/wp-json\/wp\/v2\/posts\/18196\/revisions"}],"wp:featuredmedia":[{"embeddable":true,"href":"https:\/\/www.ambienteyenergia.gob.ec\/ambiente\/wp-json\/wp\/v2\/media\/18197"}],"wp:attachment":[{"href":"https:\/\/www.ambienteyenergia.gob.ec\/ambiente\/wp-json\/wp\/v2\/media?parent=18196"}],"wp:term":[{"taxonomy":"category","embeddable":true,"href":"https:\/\/www.ambienteyenergia.gob.ec\/ambiente\/wp-json\/wp\/v2\/categories?post=18196"},{"taxonomy":"post_tag","embeddable":true,"href":"https:\/\/www.ambienteyenergia.gob.ec\/ambiente\/wp-json\/wp\/v2\/tags?post=18196"}],"curies":[{"name":"wp","href":"https:\/\/api.w.org\/{rel}","templated":true}]}}