{"id":18191,"date":"2014-02-06T17:03:44","date_gmt":"2014-02-06T22:03:44","guid":{"rendered":"http:\/\/www.ambiente.gob.ec\/?p=18191"},"modified":"2014-02-06T17:03:44","modified_gmt":"2014-02-06T22:03:44","slug":"mae-entrego-certificacion-ambiental-punto-verde-a-la-empresa-contencon-s-a","status":"publish","type":"post","link":"https:\/\/www.ambienteyenergia.gob.ec\/ambiente\/mae-entrego-certificacion-ambiental-punto-verde-a-la-empresa-contencon-s-a\/","title":{"rendered":"MAE entreg\u00f3 Certificaci\u00f3n Ambiental \u201cPunto Verde\u201d a la empresa Contencon S.A."},"content":{"rendered":"<p style=\"text-align: justify;\">Hoy, la Ministra del Ambiente Lorena Tapia, realiz\u00f3 la entrega de la Certificaci\u00f3n Ecuatoriana Ambiental \u201cPunto Verde\u201d a la empresa Contencon S.A, por la eliminaci\u00f3n de combustible di\u00e9sel en las gr\u00faas RTG4 y RTG6 ahorrando 5 705 usd al mes y 4 631 usd anuales.<\/p>\n<p style=\"text-align: justify;\">\u201cEl Punto Verde se otorga a empresas que por su compromiso, esfuerzo y decisi\u00f3n introducen en sus procesos, tecnolog\u00edas m\u00e1s amigables con el ambiente, optimizando recursos y reduciendo contaminaci\u00f3n\u201d afirm\u00f3 Tapia, en su intervenci\u00f3n.<\/p>\n<p style=\"text-align: justify;\">Para obtener el distintivo, la empresa debe someterse voluntariamente a una evaluaci\u00f3n, con el fin de medir la calidad de sus actividades y procesos. Es necesario que la instituci\u00f3n interesada env\u00ede una carta, en donde se adjunta el formulario de inscripci\u00f3n y de autoevaluaci\u00f3n.<\/p>\n<p style=\"text-align: justify;\">Despu\u00e9s, el Ministerio del Ambiente del Ecuador realizar\u00e1 una evaluaci\u00f3n de la solicitud y si la empresa cumple con los requerimientos en el formulario, ser\u00e1 notificada para que el Organismo Evaluador realice una visita de campo y compruebe la veracidad de la informaci\u00f3n proporcionada.<\/p>\n<p style=\"text-align: justify;\">En este caso, el reconocimiento fue otorgado por la incorporaci\u00f3n de nueva maquinaria pesada que funciona bajo electricidad.<\/p>\n<p style=\"text-align: justify;\">Para finalizar la intervenci\u00f3n la Ministra asever\u00f3, \u201cEs posible un desarrollo sostenible y proteger nuestro entorno, para lograr una fusi\u00f3n clave entre hombre y naturaleza. En cada acci\u00f3n podemos cuidar el ambiente y el sector privado es fundamental para ello\u201d<\/p>\n<p style=\"text-align: justify;\">En ese sentido, la M\u00e1xima Autoridad Ambiental est\u00e1 empe\u00f1ada en impulsar e incentivar una producci\u00f3n que garantice el desarrollo sostenible y el Buen Vivir.<\/p>\n<p style=\"text-align: justify;\">Asimismo, hace una invitaci\u00f3n a todas las instituciones p\u00fablicas y privadas para que inicien este proceso de regularizaci\u00f3n de sus actividades y optimicen los recursos naturales, eliminen materiales t\u00f3xicos, reduzcan emisiones, desperdicios y contaminantes de los ecosistemas.<\/p>\n<div id='gallery-1' class='gallery galleryid-18191 gallery-columns-3 gallery-size-thumbnail'><dl class='gallery-item'>\n\t\t\t<dt class='gallery-icon landscape'>\n\t\t\t\t<a href='https:\/\/www.ambienteyenergia.gob.ec\/ambiente\/mae-entrego-certificacion-ambiental-punto-verde-a-la-empresa-contencon-s-a\/dsc01915\/'><img loading=\"lazy\" decoding=\"async\" width=\"150\" height=\"150\" src=\"https:\/\/www.ambienteyenergia.gob.ec\/ambiente\/wp-content\/uploads\/sites\/2\/2014\/02\/DSC01915-150x150.jpg\" class=\"attachment-thumbnail size-thumbnail\" alt=\"\" \/><\/a>\n\t\t\t<\/dt><\/dl><dl class='gallery-item'>\n\t\t\t<dt class='gallery-icon landscape'>\n\t\t\t\t<a href='https:\/\/www.ambienteyenergia.gob.ec\/ambiente\/mae-entrego-certificacion-ambiental-punto-verde-a-la-empresa-contencon-s-a\/dsc01900\/'><img loading=\"lazy\" decoding=\"async\" width=\"150\" height=\"150\" src=\"https:\/\/www.ambienteyenergia.gob.ec\/ambiente\/wp-content\/uploads\/sites\/2\/2014\/02\/DSC01900-150x150.jpg\" class=\"attachment-thumbnail size-thumbnail\" alt=\"\" \/><\/a>\n\t\t\t<\/dt><\/dl>\n\t\t\t<br style='clear: both' \/>\n\t\t<\/div>\n\n","protected":false},"excerpt":{"rendered":"<p class=\"excerpt\">Hoy, la Ministra del Ambiente Lorena Tapia, realiz\u00f3 la entrega de la Certificaci\u00f3n Ecuatoriana Ambiental \u201cPunto Verde\u201d a la empresa Contencon S.A, por la eliminaci\u00f3n de combustible di\u00e9sel en las gr\u00faas RTG4 y RTG6 ahorrando 5 705 usd al mes y 4 631 usd anuales. \u201cEl Punto Verde se otorga a empresas que por su compromiso, esfuerzo y decisi\u00f3n introducen&hellip; <a href=\"https:\/\/www.ambienteyenergia.gob.ec\/ambiente\/mae-entrego-certificacion-ambiental-punto-verde-a-la-empresa-contencon-s-a\/\">Read more &rarr;<\/a><\/p>\n","protected":false},"author":13,"featured_media":18187,"comment_status":"open","ping_status":"open","sticky":false,"template":"","format":"standard","meta":{"footnotes":""},"categories":[16,4,10],"tags":[],"class_list":["post-18191","post","type-post","status-publish","format-standard","has-post-thumbnail","hentry","category-comunicamos","category-noticias","category-noticias-destacadas","xfolkentry"],"_links":{"self":[{"href":"https:\/\/www.ambienteyenergia.gob.ec\/ambiente\/wp-json\/wp\/v2\/posts\/18191","targetHints":{"allow":["GET"]}}],"collection":[{"href":"https:\/\/www.ambienteyenergia.gob.ec\/ambiente\/wp-json\/wp\/v2\/posts"}],"about":[{"href":"https:\/\/www.ambienteyenergia.gob.ec\/ambiente\/wp-json\/wp\/v2\/types\/post"}],"author":[{"embeddable":true,"href":"https:\/\/www.ambienteyenergia.gob.ec\/ambiente\/wp-json\/wp\/v2\/users\/13"}],"replies":[{"embeddable":true,"href":"https:\/\/www.ambienteyenergia.gob.ec\/ambiente\/wp-json\/wp\/v2\/comments?post=18191"}],"version-history":[{"count":0,"href":"https:\/\/www.ambienteyenergia.gob.ec\/ambiente\/wp-json\/wp\/v2\/posts\/18191\/revisions"}],"wp:featuredmedia":[{"embeddable":true,"href":"https:\/\/www.ambienteyenergia.gob.ec\/ambiente\/wp-json\/wp\/v2\/media\/18187"}],"wp:attachment":[{"href":"https:\/\/www.ambienteyenergia.gob.ec\/ambiente\/wp-json\/wp\/v2\/media?parent=18191"}],"wp:term":[{"taxonomy":"category","embeddable":true,"href":"https:\/\/www.ambienteyenergia.gob.ec\/ambiente\/wp-json\/wp\/v2\/categories?post=18191"},{"taxonomy":"post_tag","embeddable":true,"href":"https:\/\/www.ambienteyenergia.gob.ec\/ambiente\/wp-json\/wp\/v2\/tags?post=18191"}],"curies":[{"name":"wp","href":"https:\/\/api.w.org\/{rel}","templated":true}]}}