{"id":18181,"date":"2014-02-06T15:23:27","date_gmt":"2014-02-06T20:23:27","guid":{"rendered":"http:\/\/www.ambiente.gob.ec\/?p=18181"},"modified":"2014-02-06T15:23:27","modified_gmt":"2014-02-06T20:23:27","slug":"mae-rescata-y-reinserta-especie-de-vida-silvestre-en-zamora-chinchipe","status":"publish","type":"post","link":"https:\/\/www.ambienteyenergia.gob.ec\/ambiente\/mae-rescata-y-reinserta-especie-de-vida-silvestre-en-zamora-chinchipe\/","title":{"rendered":"MAE rescata y reinserta especie de vida silvestre en Zamora Chinchipe"},"content":{"rendered":"<p style=\"text-align: justify;\">El pasado martes 28 de enero, en la parroquia Zurmi perteneciente al cant\u00f3n Nangaritza, un guardaparque de la reserva privada Maycu rescat\u00f3 una Boa Esmeralda (<i>Corallus batesii)<\/i>, la cual\u00a0 posteriormente fue entregada a funcionarios de Vida Silvestre en la Direcci\u00f3n Provincial del Ambiente.<\/p>\n<p style=\"text-align: justify;\">En el cant\u00f3n Zamora, el herpet\u00f3logo Darwin Nu\u00f1ez, atendido al animal. Se le realiz\u00f3 un\u00a0 diagn\u00f3stico general y se detect\u00f3 que presentaba golpes leves en la cola, producto de una posible ca\u00edda de un \u00e1rbol. Luego del cuidado y recuperaci\u00f3n favorable del reptil, se procedi\u00f3 a su reinserci\u00f3n el d\u00eda mi\u00e9rcoles 05 de febrero, en la reserva Maycu (Zona de influencia del Parque Nacional Podocarpus en el cant\u00f3n Nangaritza).<\/p>\n<p style=\"text-align: justify;\">La boa rescatada es una hembra de aproximadamente 12 a\u00f1os de edad, con un peso de 2 kg y 118 cm de largo, representa al primer individuo, de esta especie registrado en la provincia.<\/p>\n<p style=\"text-align: justify;\">El MAE como principal Autoridad Ambiental del pa\u00eds seguir\u00e1 ejecutando operativos de control de vida silvestre con el objetivo de precautelar el bienestar de estas especies.<\/p>\n<p style=\"text-align: justify;\"><strong>El dato<\/strong><\/p>\n<p style=\"text-align: justify;\">La boa esmeralda no es venenosa, habita en la selva tropical del pa\u00eds,\u00a0 se alimentan de peque\u00f1os roedores y posee dientes frontales muy desarrollados, proporcionalmente m\u00e1s grandes que las de otras especies.<\/p>\n<p style=\"text-align: justify;\"><a href=\"http:\/\/www.ambienteyenergia.gob.ec\/ambiente\/wp-content\/uploads\/2014\/02\/foto-2.jpg\"><img loading=\"lazy\" decoding=\"async\" class=\"aligncenter size-full wp-image-18183\" alt=\"MAE rescata y reinserta especie de vida silvestre en Zamora Chinchipe\" src=\"http:\/\/www.ambienteyenergia.gob.ec\/ambiente\/wp-content\/uploads\/2014\/02\/foto-2.jpg\" width=\"650\" height=\"488\" srcset=\"https:\/\/www.ambienteyenergia.gob.ec\/ambiente\/wp-content\/uploads\/sites\/2\/2014\/02\/foto-2.jpg 650w, https:\/\/www.ambienteyenergia.gob.ec\/ambiente\/wp-content\/uploads\/sites\/2\/2014\/02\/foto-2-300x225.jpg 300w, https:\/\/www.ambienteyenergia.gob.ec\/ambiente\/wp-content\/uploads\/sites\/2\/2014\/02\/foto-2-399x300.jpg 399w\" sizes=\"auto, (max-width: 650px) 100vw, 650px\" \/><\/a><\/p>\n","protected":false},"excerpt":{"rendered":"<p class=\"excerpt\">El pasado martes 28 de enero, en la parroquia Zurmi perteneciente al cant\u00f3n Nangaritza, un guardaparque de la reserva privada Maycu rescat\u00f3 una Boa Esmeralda (Corallus batesii), la cual\u00a0 posteriormente fue entregada a funcionarios de Vida Silvestre en la Direcci\u00f3n Provincial del Ambiente. En el cant\u00f3n Zamora, el herpet\u00f3logo Darwin Nu\u00f1ez, atendido al animal. Se le realiz\u00f3 un\u00a0 diagn\u00f3stico general&hellip; <a href=\"https:\/\/www.ambienteyenergia.gob.ec\/ambiente\/mae-rescata-y-reinserta-especie-de-vida-silvestre-en-zamora-chinchipe\/\">Read more &rarr;<\/a><\/p>\n","protected":false},"author":13,"featured_media":18182,"comment_status":"open","ping_status":"open","sticky":false,"template":"","format":"standard","meta":{"footnotes":""},"categories":[16,4],"tags":[],"class_list":["post-18181","post","type-post","status-publish","format-standard","has-post-thumbnail","hentry","category-comunicamos","category-noticias","xfolkentry"],"_links":{"self":[{"href":"https:\/\/www.ambienteyenergia.gob.ec\/ambiente\/wp-json\/wp\/v2\/posts\/18181","targetHints":{"allow":["GET"]}}],"collection":[{"href":"https:\/\/www.ambienteyenergia.gob.ec\/ambiente\/wp-json\/wp\/v2\/posts"}],"about":[{"href":"https:\/\/www.ambienteyenergia.gob.ec\/ambiente\/wp-json\/wp\/v2\/types\/post"}],"author":[{"embeddable":true,"href":"https:\/\/www.ambienteyenergia.gob.ec\/ambiente\/wp-json\/wp\/v2\/users\/13"}],"replies":[{"embeddable":true,"href":"https:\/\/www.ambienteyenergia.gob.ec\/ambiente\/wp-json\/wp\/v2\/comments?post=18181"}],"version-history":[{"count":0,"href":"https:\/\/www.ambienteyenergia.gob.ec\/ambiente\/wp-json\/wp\/v2\/posts\/18181\/revisions"}],"wp:featuredmedia":[{"embeddable":true,"href":"https:\/\/www.ambienteyenergia.gob.ec\/ambiente\/wp-json\/wp\/v2\/media\/18182"}],"wp:attachment":[{"href":"https:\/\/www.ambienteyenergia.gob.ec\/ambiente\/wp-json\/wp\/v2\/media?parent=18181"}],"wp:term":[{"taxonomy":"category","embeddable":true,"href":"https:\/\/www.ambienteyenergia.gob.ec\/ambiente\/wp-json\/wp\/v2\/categories?post=18181"},{"taxonomy":"post_tag","embeddable":true,"href":"https:\/\/www.ambienteyenergia.gob.ec\/ambiente\/wp-json\/wp\/v2\/tags?post=18181"}],"curies":[{"name":"wp","href":"https:\/\/api.w.org\/{rel}","templated":true}]}}