{"id":18171,"date":"2014-02-06T13:30:50","date_gmt":"2014-02-06T18:30:50","guid":{"rendered":"http:\/\/www.ambiente.gob.ec\/?p=18171"},"modified":"2014-02-06T13:36:44","modified_gmt":"2014-02-06T18:36:44","slug":"mae-impulsa-intercambio-regional-para-monitoreo-forestal-en-el-pais","status":"publish","type":"post","link":"https:\/\/www.ambienteyenergia.gob.ec\/ambiente\/mae-impulsa-intercambio-regional-para-monitoreo-forestal-en-el-pais\/","title":{"rendered":"MAE impulsa intercambio regional para monitoreo forestal en el pa\u00eds"},"content":{"rendered":"<p style=\"text-align: justify;\">Hoy, el Ministerio del Ambiente del Ecuador (MAE) particip\u00f3 en el conversatorio internacional sobre metodolog\u00edas basadas en sensores remotos para monitoreo de la deforestaci\u00f3n. El encuentro organizado por esta Cartera de Estado, en coordinaci\u00f3n con la Universidad San Francisco de Quito, el Grupo Faro y la Fundaci\u00f3n Avina, tiene como objetivo intercambiar experiencias sobre la detecci\u00f3n de cambios en cobertura y uso del suelo.<\/p>\n<p style=\"text-align: justify;\">El Subsecretario de Patrimonio Natural del MAE, Christian Ter\u00e1n, destac\u00f3 el inter\u00e9s del Gobierno Nacional para generar espacios de di\u00e1logo con pa\u00edses de la regi\u00f3n, los cuales permitan establecer una efectiva y eficiente vigilancia de los recursos del patrimonio natural del Estado.<\/p>\n<p style=\"text-align: justify;\">Ter\u00e1n asegur\u00f3, adem\u00e1s, que el Ministerio del Ambiente est\u00e1 empe\u00f1ado en gestionar esfuerzos conjuntos para disminuir la deforestaci\u00f3n. \u00abAprovecho la oportunidad para reiterar el compromiso de este Gobierno para fomentar un manejo sostenible de nuestros recursos naturales; por ello los pa\u00edses de la regi\u00f3n debemos estar m\u00e1s unidos que nunca para defender y promover una equilibrada gesti\u00f3n ambiental\u00bb.<\/p>\n<p style=\"text-align: justify;\">El conversatorio internacional sobre metodolog\u00edas basadas en sensores remotos se realiza con la presencia de expositores de Per\u00fa, Colombia y Brasil. La cita compartir\u00e1 tem\u00e1ticas como los sistemas de monitoreo en tiempo real, la aplicaci\u00f3n de monitoreo ciudadano y el uso de los sensores remotos.<\/p>\n<p style=\"text-align: justify;\">El Gobierno Nacional promueve un manejo forestal responsable y sostenible. En ese sentido, el Ministerio del Ambiente, como ente rector del sector ambiental, gestiona actividades permanentes de conservaci\u00f3n y regeneraci\u00f3n del patrimonio natural.<\/p>\n<p style=\"text-align: justify;\">El monitoreo es una actividad estrat\u00e9gica para detectar los avances en la disminuci\u00f3n de la deforestaci\u00f3n que se gestiona a trav\u00e9s de la Pol\u00edtica de Gobernanza del Patrimonio Natural de esta Secretar\u00eda de Estado.<\/p>\n<p style=\"text-align: justify;\">A la cita asistieron tambi\u00e9n, Danilo Granja, Coordinador del Mapa de Deforestaci\u00f3n; Daniel Segura, Gerente del Proyecto Evaluaci\u00f3n Nacional Forestal; Carlos Mena de Galapagos Science Center de la Universidad San Francisco, representantes de organismos no gubernamentales y funcionarios del MAE.<\/p>\n<p>&nbsp;<\/p>\n","protected":false},"excerpt":{"rendered":"<p class=\"excerpt\">Hoy, el Ministerio del Ambiente del Ecuador (MAE) particip\u00f3 en el conversatorio internacional sobre metodolog\u00edas basadas en sensores remotos para monitoreo de la deforestaci\u00f3n. El encuentro organizado por esta Cartera de Estado, en coordinaci\u00f3n con la Universidad San Francisco de Quito, el Grupo Faro y la Fundaci\u00f3n Avina, tiene como objetivo intercambiar experiencias sobre la detecci\u00f3n de cambios en cobertura&hellip; <a href=\"https:\/\/www.ambienteyenergia.gob.ec\/ambiente\/mae-impulsa-intercambio-regional-para-monitoreo-forestal-en-el-pais\/\">Read more &rarr;<\/a><\/p>\n","protected":false},"author":13,"featured_media":18174,"comment_status":"open","ping_status":"open","sticky":false,"template":"","format":"standard","meta":{"footnotes":""},"categories":[16,4],"tags":[],"class_list":["post-18171","post","type-post","status-publish","format-standard","has-post-thumbnail","hentry","category-comunicamos","category-noticias","xfolkentry"],"_links":{"self":[{"href":"https:\/\/www.ambienteyenergia.gob.ec\/ambiente\/wp-json\/wp\/v2\/posts\/18171","targetHints":{"allow":["GET"]}}],"collection":[{"href":"https:\/\/www.ambienteyenergia.gob.ec\/ambiente\/wp-json\/wp\/v2\/posts"}],"about":[{"href":"https:\/\/www.ambienteyenergia.gob.ec\/ambiente\/wp-json\/wp\/v2\/types\/post"}],"author":[{"embeddable":true,"href":"https:\/\/www.ambienteyenergia.gob.ec\/ambiente\/wp-json\/wp\/v2\/users\/13"}],"replies":[{"embeddable":true,"href":"https:\/\/www.ambienteyenergia.gob.ec\/ambiente\/wp-json\/wp\/v2\/comments?post=18171"}],"version-history":[{"count":0,"href":"https:\/\/www.ambienteyenergia.gob.ec\/ambiente\/wp-json\/wp\/v2\/posts\/18171\/revisions"}],"wp:featuredmedia":[{"embeddable":true,"href":"https:\/\/www.ambienteyenergia.gob.ec\/ambiente\/wp-json\/wp\/v2\/media\/18174"}],"wp:attachment":[{"href":"https:\/\/www.ambienteyenergia.gob.ec\/ambiente\/wp-json\/wp\/v2\/media?parent=18171"}],"wp:term":[{"taxonomy":"category","embeddable":true,"href":"https:\/\/www.ambienteyenergia.gob.ec\/ambiente\/wp-json\/wp\/v2\/categories?post=18171"},{"taxonomy":"post_tag","embeddable":true,"href":"https:\/\/www.ambienteyenergia.gob.ec\/ambiente\/wp-json\/wp\/v2\/tags?post=18171"}],"curies":[{"name":"wp","href":"https:\/\/api.w.org\/{rel}","templated":true}]}}