{"id":18154,"date":"2014-02-05T11:48:41","date_gmt":"2014-02-05T16:48:41","guid":{"rendered":"http:\/\/www.ambiente.gob.ec\/?p=18154"},"modified":"2014-02-05T11:48:41","modified_gmt":"2014-02-05T16:48:41","slug":"mae-dicta-charlas-sobre-la-importancia-de-los-humedales-a-escolares-de-manabi","status":"publish","type":"post","link":"https:\/\/www.ambienteyenergia.gob.ec\/ambiente\/mae-dicta-charlas-sobre-la-importancia-de-los-humedales-a-escolares-de-manabi\/","title":{"rendered":"MAE dicta charlas sobre la importancia de los humedales a escolares de Manab\u00ed"},"content":{"rendered":"<p align=\"JUSTIFY\"><span style=\"font-family: 'Times New Roman', serif;\">El 4 de febrero, educadoras ambientales de la Subsecretar\u00eda de Gesti\u00f3n Marina y Costera del Ministerio del Ambiente del Ecuador (MAE), dictaron charlas a decenas de estudiantes de la Escuela de Educaci\u00f3n B\u00e1sica Fiscal Alianza para el Progreso del Cant\u00f3n San Vicente, provincia de Manab\u00ed.<\/span><\/p>\n<p align=\"JUSTIFY\"><span style=\"font-family: 'Times New Roman', serif;\">La actividad con los estudiantes se dio en el marco del D\u00eda Mundial de los Humedales, para que los escolares cuenten con m\u00e1s informaci\u00f3n acerca de las bondades de estos ecosistemas, que favorecen el medio ambiente y la agricultura.<\/span><\/p>\n<p align=\"JUSTIFY\"><span style=\"font-family: 'Times New Roman', serif;\">Los humedales prestan una amplia gama de servicios que contribuyen al bienestar humano, como alimentos, agua dulce, fibra y combustible, servicios de regulaci\u00f3n, saneamiento del agua, tratamientos de residuos, regulaci\u00f3n del clima, retenci\u00f3n del suelo y sedimentos, protecci\u00f3n contra tormentas e inundaciones y reciclamiento de nutrientes (nitr\u00f3geno, f\u00f3sforo y carbono).<\/span><\/p>\n<p align=\"JUSTIFY\"><span style=\"font-family: 'Times New Roman', serif;\">Luego de la charla, el MAE entreg\u00f3 material informativo y recuerdos a los ni\u00f1os y ni\u00f1as de la instituci\u00f3n educativa, con el objetivo de replicar sus nuevos conocimientos a favor de la naturaleza.\u00a0<\/span><\/p>\n","protected":false},"excerpt":{"rendered":"<p class=\"excerpt\">El 4 de febrero, educadoras ambientales de la Subsecretar\u00eda de Gesti\u00f3n Marina y Costera del Ministerio del Ambiente del Ecuador (MAE), dictaron charlas a decenas de estudiantes de la Escuela de Educaci\u00f3n B\u00e1sica Fiscal Alianza para el Progreso del Cant\u00f3n San Vicente, provincia de Manab\u00ed. La actividad con los estudiantes se dio en el marco del D\u00eda Mundial de los&hellip; <a href=\"https:\/\/www.ambienteyenergia.gob.ec\/ambiente\/mae-dicta-charlas-sobre-la-importancia-de-los-humedales-a-escolares-de-manabi\/\">Read more &rarr;<\/a><\/p>\n","protected":false},"author":13,"featured_media":18155,"comment_status":"open","ping_status":"open","sticky":false,"template":"","format":"standard","meta":{"footnotes":""},"categories":[4],"tags":[407,387,60],"class_list":["post-18154","post","type-post","status-publish","format-standard","has-post-thumbnail","hentry","category-noticias","tag-humedal","tag-mae-lorena-tapia","tag-manabi","xfolkentry"],"_links":{"self":[{"href":"https:\/\/www.ambienteyenergia.gob.ec\/ambiente\/wp-json\/wp\/v2\/posts\/18154","targetHints":{"allow":["GET"]}}],"collection":[{"href":"https:\/\/www.ambienteyenergia.gob.ec\/ambiente\/wp-json\/wp\/v2\/posts"}],"about":[{"href":"https:\/\/www.ambienteyenergia.gob.ec\/ambiente\/wp-json\/wp\/v2\/types\/post"}],"author":[{"embeddable":true,"href":"https:\/\/www.ambienteyenergia.gob.ec\/ambiente\/wp-json\/wp\/v2\/users\/13"}],"replies":[{"embeddable":true,"href":"https:\/\/www.ambienteyenergia.gob.ec\/ambiente\/wp-json\/wp\/v2\/comments?post=18154"}],"version-history":[{"count":0,"href":"https:\/\/www.ambienteyenergia.gob.ec\/ambiente\/wp-json\/wp\/v2\/posts\/18154\/revisions"}],"wp:featuredmedia":[{"embeddable":true,"href":"https:\/\/www.ambienteyenergia.gob.ec\/ambiente\/wp-json\/wp\/v2\/media\/18155"}],"wp:attachment":[{"href":"https:\/\/www.ambienteyenergia.gob.ec\/ambiente\/wp-json\/wp\/v2\/media?parent=18154"}],"wp:term":[{"taxonomy":"category","embeddable":true,"href":"https:\/\/www.ambienteyenergia.gob.ec\/ambiente\/wp-json\/wp\/v2\/categories?post=18154"},{"taxonomy":"post_tag","embeddable":true,"href":"https:\/\/www.ambienteyenergia.gob.ec\/ambiente\/wp-json\/wp\/v2\/tags?post=18154"}],"curies":[{"name":"wp","href":"https:\/\/api.w.org\/{rel}","templated":true}]}}