{"id":18148,"date":"2014-02-05T10:09:36","date_gmt":"2014-02-05T15:09:36","guid":{"rendered":"http:\/\/www.ambiente.gob.ec\/?p=18148"},"modified":"2014-02-05T11:41:00","modified_gmt":"2014-02-05T16:41:00","slug":"mae-plantea-estrategias-para-la-conservacion-del-oso-andino-en-los-parques-nacionales-podocarpus-y-yacuri","status":"publish","type":"post","link":"https:\/\/www.ambienteyenergia.gob.ec\/ambiente\/mae-plantea-estrategias-para-la-conservacion-del-oso-andino-en-los-parques-nacionales-podocarpus-y-yacuri\/","title":{"rendered":"MAE plantea estrategias para la conservaci\u00f3n del oso andino en los Parques Nacionales Podocarpus y Yacuri"},"content":{"rendered":"<p style=\"text-align: justify;\">En el marco del fortalecimiento de la conservaci\u00f3n y monitoreo de la fuana, El Ministerio del Ambiente del Ecuador (MAE), juntamente con la Direcci\u00f3n Provincial del Loja, realiz\u00f3 la socializaci\u00f3n del proyecto \u201cMonitoreo de Mam\u00edferos Andinos en el Sur del Ecuador\u201d investigado por la<i> Universidad T\u00e9cnica Particular de Loja<\/i>(UTPL). Se trata de una exposici\u00f3n focalizada, en la cual se pretende actualizar la informaci\u00f3n biol\u00f3gica que la UTPL est\u00e1 generando y que es de utilidad para la gesti\u00f3n ambiental de la provincia.<\/p>\n<p style=\"text-align: justify;\">El evento se desarrollar\u00e1 a trav\u00e9s, de la capacitaci\u00f3n a los guardaparques sobre monitoreo de mam\u00edferos andinos, muestreo de excrementos, muestreos gen\u00e9ticos no invasivos, muestreo mediante fototrampeo y muestreo de especies vegetales.<\/p>\n<p style=\"text-align: justify;\">Asimismo, para marzo de 2014 se prev\u00e9 la elaboraci\u00f3n y firma del convenio de cooperaci\u00f3n MAE &#8211; UTPL. El acuerdo cristalizar\u00e1 fundamentalmente las acciones del proyecto de monitoreo de mam\u00edferos andinos : Oso Andino (Tremarctos ornatus), Tapir de Monta\u00f1a (Tapirus pinchaque) y el Lobo de P\u00e1ramo (Lycalopex culpaeus).<\/p>\n<p style=\"text-align: justify;\">La iniciativa est\u00e1 dise\u00f1ada para ejecutarse en forma conjunta con el MAE y UPTL, lo cual implica un proceso de capacitaci\u00f3n al personal del Parque Nacional Podocarpus y Parque Nacional Yacuri, se aspira la creaci\u00f3n de espacios para intercambio de ideas y discusi\u00f3n de temas concretos entre las dos instituciones.<\/p>\n","protected":false},"excerpt":{"rendered":"<p class=\"excerpt\">En el marco del fortalecimiento de la conservaci\u00f3n y monitoreo de la fuana, El Ministerio del Ambiente del Ecuador (MAE), juntamente con la Direcci\u00f3n Provincial del Loja, realiz\u00f3 la socializaci\u00f3n del proyecto \u201cMonitoreo de Mam\u00edferos Andinos en el Sur del Ecuador\u201d investigado por la Universidad T\u00e9cnica Particular de Loja(UTPL). Se trata de una exposici\u00f3n focalizada, en la cual se pretende&hellip; <a href=\"https:\/\/www.ambienteyenergia.gob.ec\/ambiente\/mae-plantea-estrategias-para-la-conservacion-del-oso-andino-en-los-parques-nacionales-podocarpus-y-yacuri\/\">Read more &rarr;<\/a><\/p>\n","protected":false},"author":13,"featured_media":18153,"comment_status":"open","ping_status":"open","sticky":false,"template":"","format":"standard","meta":{"footnotes":""},"categories":[16,4],"tags":[309,53,54,223],"class_list":["post-18148","post","type-post","status-publish","format-standard","has-post-thumbnail","hentry","category-comunicamos","category-noticias","tag-conservacion","tag-mae","tag-ministerio-del-ambiente","tag-oso-de-anteojos","xfolkentry"],"_links":{"self":[{"href":"https:\/\/www.ambienteyenergia.gob.ec\/ambiente\/wp-json\/wp\/v2\/posts\/18148","targetHints":{"allow":["GET"]}}],"collection":[{"href":"https:\/\/www.ambienteyenergia.gob.ec\/ambiente\/wp-json\/wp\/v2\/posts"}],"about":[{"href":"https:\/\/www.ambienteyenergia.gob.ec\/ambiente\/wp-json\/wp\/v2\/types\/post"}],"author":[{"embeddable":true,"href":"https:\/\/www.ambienteyenergia.gob.ec\/ambiente\/wp-json\/wp\/v2\/users\/13"}],"replies":[{"embeddable":true,"href":"https:\/\/www.ambienteyenergia.gob.ec\/ambiente\/wp-json\/wp\/v2\/comments?post=18148"}],"version-history":[{"count":0,"href":"https:\/\/www.ambienteyenergia.gob.ec\/ambiente\/wp-json\/wp\/v2\/posts\/18148\/revisions"}],"wp:featuredmedia":[{"embeddable":true,"href":"https:\/\/www.ambienteyenergia.gob.ec\/ambiente\/wp-json\/wp\/v2\/media\/18153"}],"wp:attachment":[{"href":"https:\/\/www.ambienteyenergia.gob.ec\/ambiente\/wp-json\/wp\/v2\/media?parent=18148"}],"wp:term":[{"taxonomy":"category","embeddable":true,"href":"https:\/\/www.ambienteyenergia.gob.ec\/ambiente\/wp-json\/wp\/v2\/categories?post=18148"},{"taxonomy":"post_tag","embeddable":true,"href":"https:\/\/www.ambienteyenergia.gob.ec\/ambiente\/wp-json\/wp\/v2\/tags?post=18148"}],"curies":[{"name":"wp","href":"https:\/\/api.w.org\/{rel}","templated":true}]}}