{"id":18139,"date":"2014-02-04T14:08:16","date_gmt":"2014-02-04T19:08:16","guid":{"rendered":"http:\/\/www.ambiente.gob.ec\/?p=18139"},"modified":"2014-02-04T14:52:07","modified_gmt":"2014-02-04T19:52:07","slug":"mae-rescato-dos-ejemplares-de-vida-silvestre-en-chimborazo-a-traves-de-sus-operativos-para-contrarrestar-en-trafico-de-animales","status":"publish","type":"post","link":"https:\/\/www.ambienteyenergia.gob.ec\/ambiente\/mae-rescato-dos-ejemplares-de-vida-silvestre-en-chimborazo-a-traves-de-sus-operativos-para-contrarrestar-en-trafico-de-animales\/","title":{"rendered":"MAE rescat\u00f3 dos ejemplares de vida silvestre en Chimborazo"},"content":{"rendered":"<p style=\"text-align: justify;\">En el mes de enero, el Ministerio del Ambiente del Ecuador (MAE) en coordinaci\u00f3n con personal de la Unidad de Protecci\u00f3n del Medio Ambiente (UPMA), rescataron dos espec\u00edmenes de vida silvestre en la provincia de Chimborazo.<\/p>\n<p style=\"text-align: justify;\">Atendiendo a la denuncia verbal de la ciudadan\u00eda, la Unidad de Patrimonio Natural &#8211; Vida Silvestre\u00a0 constat\u00f3, el abandono de una tortuga de r\u00edo (Podocnemis lewyana) en el barrio Florecer,\u00a0 luego de la evaluaci\u00f3n, la especie rescatada fue trasladada al \u201cRefugio el Ed\u00e9n\u201d ubicado en la provincia de Pastaza.<\/p>\n<p style=\"text-align: justify;\">Por otra parte, estudiantes de la Escuela Polit\u00e9cnica de Chimborazo entregaron un B\u00faho juvenil (Athene cunicularia) que se encontraba en los predios de la instituci\u00f3n educativa. Una vez realizada la evaluaci\u00f3n, t\u00e9cnicos de la Direcci\u00f3n Provincial confirmaron que el ejemplar se encontraba en buen estado de salud, por lo que se procedi\u00f3 de inmediato a su liberaci\u00f3n en el sector de la zona de amortiguamiento del Parque Nacional Sangay.<\/p>\n<p style=\"text-align: justify;\">El Ministerio del Ambiente del Ecuador viene ejecutando operativos, como parte de la inspecci\u00f3n de tr\u00e1fico de animales, estas acciones demuestran el grado de responsabilidad que los ciudadanos y la Cartera de Estado han alcanzado en la protecci\u00f3n y conservaci\u00f3n de la vida silvestre.<\/p>\n<p style=\"text-align: justify;\"><a href=\"http:\/\/www.ambienteyenergia.gob.ec\/ambiente\/wp-content\/uploads\/2014\/02\/22.jpg\"><img loading=\"lazy\" decoding=\"async\" class=\"aligncenter size-full wp-image-18141\" alt=\" MAE rescat\u00f3 dos ejemplares de Vida Silvestre en Chimborazo a trav\u00e9s de sus operativos para contrarrestar en tr\u00e1fico de animales\" src=\"http:\/\/www.ambienteyenergia.gob.ec\/ambiente\/wp-content\/uploads\/2014\/02\/22.jpg\" width=\"650\" height=\"468\" srcset=\"https:\/\/www.ambienteyenergia.gob.ec\/ambiente\/wp-content\/uploads\/sites\/2\/2014\/02\/22.jpg 650w, https:\/\/www.ambienteyenergia.gob.ec\/ambiente\/wp-content\/uploads\/sites\/2\/2014\/02\/22-300x216.jpg 300w, https:\/\/www.ambienteyenergia.gob.ec\/ambiente\/wp-content\/uploads\/sites\/2\/2014\/02\/22-416x300.jpg 416w\" sizes=\"auto, (max-width: 650px) 100vw, 650px\" \/><\/a> <a href=\"http:\/\/www.ambienteyenergia.gob.ec\/ambiente\/wp-content\/uploads\/2014\/02\/DSC06530.jpg\"><img loading=\"lazy\" decoding=\"async\" class=\"aligncenter size-full wp-image-18142\" alt=\" MAE rescat\u00f3 dos ejemplares de Vida Silvestre en Chimborazo a trav\u00e9s de sus operativos para contrarrestar en tr\u00e1fico de animales\" src=\"http:\/\/www.ambienteyenergia.gob.ec\/ambiente\/wp-content\/uploads\/2014\/02\/DSC06530.jpg\" width=\"650\" height=\"488\" srcset=\"https:\/\/www.ambienteyenergia.gob.ec\/ambiente\/wp-content\/uploads\/sites\/2\/2014\/02\/DSC06530.jpg 650w, https:\/\/www.ambienteyenergia.gob.ec\/ambiente\/wp-content\/uploads\/sites\/2\/2014\/02\/DSC06530-300x225.jpg 300w, https:\/\/www.ambienteyenergia.gob.ec\/ambiente\/wp-content\/uploads\/sites\/2\/2014\/02\/DSC06530-399x300.jpg 399w\" sizes=\"auto, (max-width: 650px) 100vw, 650px\" \/><\/a><\/p>\n","protected":false},"excerpt":{"rendered":"<p class=\"excerpt\">En el mes de enero, el Ministerio del Ambiente del Ecuador (MAE) en coordinaci\u00f3n con personal de la Unidad de Protecci\u00f3n del Medio Ambiente (UPMA), rescataron dos espec\u00edmenes de vida silvestre en la provincia de Chimborazo. Atendiendo a la denuncia verbal de la ciudadan\u00eda, la Unidad de Patrimonio Natural &#8211; Vida Silvestre\u00a0 constat\u00f3, el abandono de una tortuga de r\u00edo&hellip; <a href=\"https:\/\/www.ambienteyenergia.gob.ec\/ambiente\/mae-rescato-dos-ejemplares-de-vida-silvestre-en-chimborazo-a-traves-de-sus-operativos-para-contrarrestar-en-trafico-de-animales\/\">Read more &rarr;<\/a><\/p>\n","protected":false},"author":13,"featured_media":18140,"comment_status":"open","ping_status":"open","sticky":false,"template":"","format":"standard","meta":{"footnotes":""},"categories":[16,4],"tags":[],"class_list":["post-18139","post","type-post","status-publish","format-standard","has-post-thumbnail","hentry","category-comunicamos","category-noticias","xfolkentry"],"_links":{"self":[{"href":"https:\/\/www.ambienteyenergia.gob.ec\/ambiente\/wp-json\/wp\/v2\/posts\/18139","targetHints":{"allow":["GET"]}}],"collection":[{"href":"https:\/\/www.ambienteyenergia.gob.ec\/ambiente\/wp-json\/wp\/v2\/posts"}],"about":[{"href":"https:\/\/www.ambienteyenergia.gob.ec\/ambiente\/wp-json\/wp\/v2\/types\/post"}],"author":[{"embeddable":true,"href":"https:\/\/www.ambienteyenergia.gob.ec\/ambiente\/wp-json\/wp\/v2\/users\/13"}],"replies":[{"embeddable":true,"href":"https:\/\/www.ambienteyenergia.gob.ec\/ambiente\/wp-json\/wp\/v2\/comments?post=18139"}],"version-history":[{"count":0,"href":"https:\/\/www.ambienteyenergia.gob.ec\/ambiente\/wp-json\/wp\/v2\/posts\/18139\/revisions"}],"wp:featuredmedia":[{"embeddable":true,"href":"https:\/\/www.ambienteyenergia.gob.ec\/ambiente\/wp-json\/wp\/v2\/media\/18140"}],"wp:attachment":[{"href":"https:\/\/www.ambienteyenergia.gob.ec\/ambiente\/wp-json\/wp\/v2\/media?parent=18139"}],"wp:term":[{"taxonomy":"category","embeddable":true,"href":"https:\/\/www.ambienteyenergia.gob.ec\/ambiente\/wp-json\/wp\/v2\/categories?post=18139"},{"taxonomy":"post_tag","embeddable":true,"href":"https:\/\/www.ambienteyenergia.gob.ec\/ambiente\/wp-json\/wp\/v2\/tags?post=18139"}],"curies":[{"name":"wp","href":"https:\/\/api.w.org\/{rel}","templated":true}]}}